{"id":65791,"date":"2016-07-14T15:25:09","date_gmt":"2016-07-14T18:25:09","guid":{"rendered":"http:\/\/www.locoxelrojo.com\/independiente\/?p=65791"},"modified":"2016-07-14T15:25:09","modified_gmt":"2016-07-14T18:25:09","slug":"gomez-independiente-va-a-ser-una-de-las-prioridades-cuando-vuelva-a-la-argentina","status":"publish","type":"post","link":"https:\/\/www.locoxelrojo.com\/independiente\/2016\/07\/14\/gomez-independiente-va-a-ser-una-de-las-prioridades-cuando-vuelva-a-la-argentina\/","title":{"rendered":"G\u00f3mez: &#8220;Independiente va a ser una de las prioridades cuando vuelva a la Argentina&#8221;"},"content":{"rendered":"<p><strong>Rodrigo G\u00f3mez<\/strong>, ya instalado en M\u00e9xico y disfrutando de sus primeras semanas en el Toluca, <strong>record\u00f3 de muy buena manera su paso por Independiente y le agradeci\u00f3 a los hinchas el buen trato que tuvieron con \u00e9l, a\u00fan cuando se tuvo que ir a pr\u00e9stamo a Quilmes<\/strong>. El volante <strong>dijo que el Rojo ser\u00e1 una de sus prioridades cuando regrese a jugar al f\u00fatbol argentino y conf\u00eda en que al club le vaya bien durante el ciclo de Gabriel Milito<\/strong>.<\/p>\n<p><strong>&#8220;Estoy agradecido a la gente de Independiente que siempre me hizo sentir querido, hasta cuando fui Quilmes&#8221;<\/strong>, expres\u00f3 el Droopy en di\u00e1logo con Independiente en la Uno.<\/p>\n<p><strong>&#8220;Hab\u00eda tenido varios llamados, pero habl\u00e9 con Milito y le dije que solo jugar\u00eda en Independiente. Cuando apareci\u00f3 lo de Toluca, \u00e9l me dijo que no pondr\u00eda trabas, aunque quer\u00eda contar conmigo. Las dos charlas que tuve con Gaby le dije que me perd\u00eda la chance de que me dirija. No tengo dudas de que, por como trabaja Milito, algo se puede ganar&#8221;<\/strong>, manifest\u00f3 en relaci\u00f3n a c\u00f3mo se dio su transferencia al f\u00fatbol mexicano y la confianza que le tiene al Mariscal.<\/p>\n<p>Para finalizar, agradeci\u00f3 el cari\u00f1o de los hinchas durante su estad\u00eda en el club y puso a Independiente entre sus prioridades cuando pegue la vuelta al pa\u00eds. <strong>&#8220;Estoy agradecido a la gente que siempre me hizo sentir querido, hasta cuando fui Quilmes. Primero quiero afianzarme en Toluca, despu\u00e9s saltar a Europa, pero el Rojo va a ser una de las prioridades si me toca volver. Voy a estar siempre agradecido del trato que me dio la gente&#8221;<\/strong>, cerr\u00f3.<\/p>\n","protected":false},"excerpt":{"rendered":"<p>Rodrigo G\u00f3mez, ya instalado en M\u00e9xico y disfrutando de sus primeras semanas en el Toluca, record\u00f3 de muy buena manera su paso por Independiente y le agradeci\u00f3 a los hinchas el buen trato que tuvieron con \u00e9l, a\u00fan cuando se tuvo que ir a pr\u00e9stamo a Quilmes. El volante dijo que el Rojo ser\u00e1 una [&hellip;]<\/p>\n","protected":false},"author":1,"featured_media":65792,"comment_status":"open","ping_status":"closed","sticky":false,"template":"","format":"standard","meta":{"_links_to":"","_links_to_target":""},"categories":[1],"tags":[2747],"_links":{"self":[{"href":"https:\/\/www.locoxelrojo.com\/independiente\/wp-json\/wp\/v2\/posts\/65791"}],"collection":[{"href":"https:\/\/www.locoxelrojo.com\/independiente\/wp-json\/wp\/v2\/posts"}],"about":[{"href":"https:\/\/www.locoxelrojo.com\/independiente\/wp-json\/wp\/v2\/types\/post"}],"author":[{"embeddable":true,"href":"https:\/\/www.locoxelrojo.com\/independiente\/wp-json\/wp\/v2\/users\/1"}],"replies":[{"embeddable":true,"href":"https:\/\/www.locoxelrojo.com\/independiente\/wp-json\/wp\/v2\/comments?post=65791"}],"version-history":[{"count":0,"href":"https:\/\/www.locoxelrojo.com\/independiente\/wp-json\/wp\/v2\/posts\/65791\/revisions"}],"wp:featuredmedia":[{"embeddable":true,"href":"https:\/\/www.locoxelrojo.com\/independiente\/wp-json\/wp\/v2\/media\/65792"}],"wp:attachment":[{"href":"https:\/\/www.locoxelrojo.com\/independiente\/wp-json\/wp\/v2\/media?parent=65791"}],"wp:term":[{"taxonomy":"category","embeddable":true,"href":"https:\/\/www.locoxelrojo.com\/independiente\/wp-json\/wp\/v2\/categories?post=65791"},{"taxonomy":"post_tag","embeddable":true,"href":"https:\/\/www.locoxelrojo.com\/independiente\/wp-json\/wp\/v2\/tags?post=65791"}],"curies":[{"name":"wp","href":"https:\/\/api.w.org\/{rel}","templated":true}]}}