{"id":65853,"date":"2016-07-18T23:50:52","date_gmt":"2016-07-19T02:50:52","guid":{"rendered":"http:\/\/www.locoxelrojo.com\/independiente\/?p=65853"},"modified":"2016-07-18T23:53:57","modified_gmt":"2016-07-19T02:53:57","slug":"aquino-al-fluminense","status":"publish","type":"post","link":"https:\/\/www.locoxelrojo.com\/independiente\/2016\/07\/18\/aquino-al-fluminense\/","title":{"rendered":"Aquino, al Fluminense"},"content":{"rendered":"<p>Este lunes se cerr\u00f3 de palabra <strong>el pr\u00e9stamo de Claudio Aquino al Fluminense de Brasil por un a\u00f1o, con cargo y opci\u00f3n de compra. De poner la firma, ser\u00e1 la d\u00e9cima baja oficial del receso.<\/strong><\/p>\n<p>Aquino, <strong>que pidi\u00f3 irse del club desde que comenz\u00f3 la pretemporada con Gabriel Milito al mando<\/strong>, cumplir\u00e1 su deseo. <strong>Independiente acord\u00f3 con el Fluminense un pr\u00e9stamo de 200.000 d\u00f3lares con una opci\u00f3n de compra de 1.800.000 d\u00f3lares.<\/strong><\/p>\n<p>El enganche <strong>debe viajar ma\u00f1ana para realizar la revisi\u00f3n m\u00e9dica y luego volver al pa\u00eds para terminar tr\u00e1mites personales. Esta ser\u00e1 la baja n\u00famero 10 del receso.<\/strong><\/p>\n<p><span style=\"text-decoration: underline;\"><strong>Los que ya se fueron<\/strong><\/span><\/p>\n<p>1. Ezequiel Vidal \u2013 Rescindi\u00f3 \u2013 Regres\u00f3 a Olimpo y se fue a pr\u00e9stamo al Delf\u00edn Sporting Club de Ecuador.<\/p>\n<p>2. Emanuel Aguilera \u2013 Venta al Tijuana de M\u00e9xico.<\/p>\n<p>3. Marcelo Vidal \u2013 Libre \u2013 Continuar\u00e1 en Blooming de Bolivia.<\/p>\n<p>4. Rodrigo G\u00f3mez \u2013 Venta al Toluca de M\u00e9xico.<\/p>\n<p>5. Patricio Vidal \u2013 Libre.<\/p>\n<p>6. Fabi\u00e1n Monserrat \u2013 Rescindi\u00f3 \u2013 Continuar\u00e1 en Venados de M\u00e9xico.<\/p>\n<p>7. Rafael Barrios \u2013 Se entreg\u00f3 el 80% de su pase a Defensa y Justicia en parte de pago por Dami\u00e1n Mart\u00ednez.<\/p>\n<p>8. Sa\u00fal Nelle \u2013 A pr\u00e9stamo en Los Andes por 1 a\u00f1o, sin cargo y sin opci\u00f3n.<\/p>\n<p>9. Mauricio Del Castillo \u2013 A pr\u00e9stamo en Deportivo Mor\u00f3n por 1 a\u00f1o, sin cargo y sin opci\u00f3n<\/p>\n<p>10. Claudio Aquino &#8211; A pr\u00e9stamo en Fluminense por 1 a\u00f1o, con cargo de 200.000 d\u00f3lares y opci\u00f3n de 1.800.000<\/p>\n","protected":false},"excerpt":{"rendered":"<p>Este lunes se cerr\u00f3 de palabra el pr\u00e9stamo de Claudio Aquino al Fluminense de Brasil por un a\u00f1o, con cargo y opci\u00f3n de compra. De poner la firma, ser\u00e1 la d\u00e9cima baja oficial del receso. Aquino, que pidi\u00f3 irse del club desde que comenz\u00f3 la pretemporada con Gabriel Milito al mando, cumplir\u00e1 su deseo. Independiente [&hellip;]<\/p>\n","protected":false},"author":11,"featured_media":65525,"comment_status":"open","ping_status":"closed","sticky":false,"template":"","format":"standard","meta":{"_links_to":"","_links_to_target":""},"categories":[3,1],"tags":[2880,153,958,3222],"_links":{"self":[{"href":"https:\/\/www.locoxelrojo.com\/independiente\/wp-json\/wp\/v2\/posts\/65853"}],"collection":[{"href":"https:\/\/www.locoxelrojo.com\/independiente\/wp-json\/wp\/v2\/posts"}],"about":[{"href":"https:\/\/www.locoxelrojo.com\/independiente\/wp-json\/wp\/v2\/types\/post"}],"author":[{"embeddable":true,"href":"https:\/\/www.locoxelrojo.com\/independiente\/wp-json\/wp\/v2\/users\/11"}],"replies":[{"embeddable":true,"href":"https:\/\/www.locoxelrojo.com\/independiente\/wp-json\/wp\/v2\/comments?post=65853"}],"version-history":[{"count":0,"href":"https:\/\/www.locoxelrojo.com\/independiente\/wp-json\/wp\/v2\/posts\/65853\/revisions"}],"wp:featuredmedia":[{"embeddable":true,"href":"https:\/\/www.locoxelrojo.com\/independiente\/wp-json\/wp\/v2\/media\/65525"}],"wp:attachment":[{"href":"https:\/\/www.locoxelrojo.com\/independiente\/wp-json\/wp\/v2\/media?parent=65853"}],"wp:term":[{"taxonomy":"category","embeddable":true,"href":"https:\/\/www.locoxelrojo.com\/independiente\/wp-json\/wp\/v2\/categories?post=65853"},{"taxonomy":"post_tag","embeddable":true,"href":"https:\/\/www.locoxelrojo.com\/independiente\/wp-json\/wp\/v2\/tags?post=65853"}],"curies":[{"name":"wp","href":"https:\/\/api.w.org\/{rel}","templated":true}]}}