{"id":65922,"date":"2016-07-21T13:45:21","date_gmt":"2016-07-21T16:45:21","guid":{"rendered":"http:\/\/www.locoxelrojo.com\/independiente\/?p=65922"},"modified":"2016-07-21T13:45:21","modified_gmt":"2016-07-21T16:45:21","slug":"g-del-castillo-si-me-voy-al-crotone-me-va-a-servir-para-madurar","status":"publish","type":"post","link":"https:\/\/www.locoxelrojo.com\/independiente\/2016\/07\/21\/g-del-castillo-si-me-voy-al-crotone-me-va-a-servir-para-madurar\/","title":{"rendered":"G. Del Castillo: &#8220;Si me voy al Crotone me va a servir para madurar&#8221;"},"content":{"rendered":"<p><strong>Gast\u00f3n Del Castillo se refiri\u00f3 a su posibilidad de pasar al Crotone.<\/strong> El hermano menor de Sergio Ag\u00fcero espera con tranquilidad la definici\u00f3n de la negociaci\u00f3n.<\/p>\n<p>D\u00edas atr\u00e1s <a href=\"https:\/\/www.locoxelrojo.com\/independiente\/2016\/07\/07\/gaston-del-castillo-recibio-una-oferta-de-un-club-italiano\/\">lleg\u00f3 una oferta del Crotone de Italia<\/a> para contar con los servicios de Del Castillo. Debido a la acumulaci\u00f3n de delanteros y algunos cortocircuitos que tuvo el jugador con Gabriel Milito, desde su entorno vieron con buenos ojos la posibilidad de cambiar de aire. <strong>Independiente no le puso trabas y envi\u00f3 una contraoferta para elevar la opci\u00f3n de compra a 2.400.000 euros, que a\u00fan no hubo respuesta.<\/strong><\/p>\n<p><strong>&#8220;Si me voy al Crotone me va a servir para madurar y volver mejor&#8221;<\/strong>, manifest\u00f3 en di\u00e1logo con Independiente en la Uno. <strong>&#8220;Independiente me dio todo y me gustar\u00eda volver con m\u00e1s experiencia&#8221;<\/strong>, agreg\u00f3.<\/p>\n<p><strong>&#8220;A\u00fan no s\u00e9 nada sobre el pase. Eso lo maneja mi pap\u00e1 y mi representante&#8221;<\/strong>, explic\u00f3 en relaci\u00f3n a c\u00f3mo est\u00e1 la negociaci\u00f3n. <strong>&#8220;Lo mejor es estar tranquilo. Si se da, voy a dar lo mejor all\u00e1, como lo doy ac\u00e1&#8221;<\/strong>, a\u00f1adi\u00f3.<\/p>\n<p><strong>&#8220;En Reserva anduve muy bien, pero jugar en Primera es un sue\u00f1o. Fue un sue\u00f1o debutar en Independiente y ahora entrenar con la Selecci\u00f3n. El cari\u00f1o del hincha me hace dudar de quedarme&#8221;<\/strong>, cerr\u00f3.<\/p>\n","protected":false},"excerpt":{"rendered":"<p>Gast\u00f3n Del Castillo se refiri\u00f3 a su posibilidad de pasar al Crotone. El hermano menor de Sergio Ag\u00fcero espera con tranquilidad la definici\u00f3n de la negociaci\u00f3n. D\u00edas atr\u00e1s lleg\u00f3 una oferta del Crotone de Italia para contar con los servicios de Del Castillo. Debido a la acumulaci\u00f3n de delanteros y algunos cortocircuitos que tuvo el [&hellip;]<\/p>\n","protected":false},"author":1,"featured_media":65923,"comment_status":"open","ping_status":"closed","sticky":false,"template":"","format":"standard","meta":{"_links_to":"","_links_to_target":""},"categories":[3,1],"tags":[1574],"_links":{"self":[{"href":"https:\/\/www.locoxelrojo.com\/independiente\/wp-json\/wp\/v2\/posts\/65922"}],"collection":[{"href":"https:\/\/www.locoxelrojo.com\/independiente\/wp-json\/wp\/v2\/posts"}],"about":[{"href":"https:\/\/www.locoxelrojo.com\/independiente\/wp-json\/wp\/v2\/types\/post"}],"author":[{"embeddable":true,"href":"https:\/\/www.locoxelrojo.com\/independiente\/wp-json\/wp\/v2\/users\/1"}],"replies":[{"embeddable":true,"href":"https:\/\/www.locoxelrojo.com\/independiente\/wp-json\/wp\/v2\/comments?post=65922"}],"version-history":[{"count":0,"href":"https:\/\/www.locoxelrojo.com\/independiente\/wp-json\/wp\/v2\/posts\/65922\/revisions"}],"wp:featuredmedia":[{"embeddable":true,"href":"https:\/\/www.locoxelrojo.com\/independiente\/wp-json\/wp\/v2\/media\/65923"}],"wp:attachment":[{"href":"https:\/\/www.locoxelrojo.com\/independiente\/wp-json\/wp\/v2\/media?parent=65922"}],"wp:term":[{"taxonomy":"category","embeddable":true,"href":"https:\/\/www.locoxelrojo.com\/independiente\/wp-json\/wp\/v2\/categories?post=65922"},{"taxonomy":"post_tag","embeddable":true,"href":"https:\/\/www.locoxelrojo.com\/independiente\/wp-json\/wp\/v2\/tags?post=65922"}],"curies":[{"name":"wp","href":"https:\/\/api.w.org\/{rel}","templated":true}]}}