{"id":65971,"date":"2016-07-23T13:15:50","date_gmt":"2016-07-23T16:15:50","guid":{"rendered":"http:\/\/www.locoxelrojo.com\/independiente\/?p=65971"},"modified":"2016-07-23T15:20:12","modified_gmt":"2016-07-23T18:20:12","slug":"ruso-lesionado","status":"publish","type":"post","link":"https:\/\/www.locoxelrojo.com\/independiente\/2016\/07\/23\/ruso-lesionado\/","title":{"rendered":"Ruso lesionado"},"content":{"rendered":"<p><strong>Diego Rodr\u00edguez no pudo participar del amistoso ante Aldosivi por\u00a0lesi\u00f3n. El martes volver\u00eda a entrenarse a la par del grupo<\/strong><\/p>\n<p>El arquero sufri\u00f3 una <strong>luxaci\u00f3n en su hombro derecho<\/strong>, por lo que\u00a0Gabriel Milito no pudo contar con \u00e9l para\u00a0enfrentar\u00a0al Tibur\u00f3n.\u00a0<strong>El Mariscal puso como titular\u00a0a Mart\u00edn Campa\u00f1a<\/strong>, mientras que en el complemento <strong>le dio minutos a\u00a0Gonzalo Rehak<\/strong>.<\/p>\n<p><strong>La lesi\u00f3n del Ruso no es grave<\/strong>, solamente necesitar\u00e1 unos d\u00edas de reposo. El cuerpo m\u00e9dico cree que <strong>el pr\u00f3ximo martes podr\u00eda volver a entrenarse<\/strong> a la par del grupo.<\/p>\n","protected":false},"excerpt":{"rendered":"<p>Diego Rodr\u00edguez no pudo participar del amistoso ante Aldosivi por\u00a0lesi\u00f3n. El martes volver\u00eda a entrenarse a la par del grupo El arquero sufri\u00f3 una luxaci\u00f3n en su hombro derecho, por lo que\u00a0Gabriel Milito no pudo contar con \u00e9l para\u00a0enfrentar\u00a0al Tibur\u00f3n.\u00a0El Mariscal puso como titular\u00a0a Mart\u00edn Campa\u00f1a, mientras que en el complemento le dio minutos a\u00a0Gonzalo [&hellip;]<\/p>\n","protected":false},"author":8,"featured_media":65977,"comment_status":"open","ping_status":"closed","sticky":false,"template":"","format":"standard","meta":{"_links_to":"","_links_to_target":""},"categories":[3,1],"tags":[516,2245,153,181],"_links":{"self":[{"href":"https:\/\/www.locoxelrojo.com\/independiente\/wp-json\/wp\/v2\/posts\/65971"}],"collection":[{"href":"https:\/\/www.locoxelrojo.com\/independiente\/wp-json\/wp\/v2\/posts"}],"about":[{"href":"https:\/\/www.locoxelrojo.com\/independiente\/wp-json\/wp\/v2\/types\/post"}],"author":[{"embeddable":true,"href":"https:\/\/www.locoxelrojo.com\/independiente\/wp-json\/wp\/v2\/users\/8"}],"replies":[{"embeddable":true,"href":"https:\/\/www.locoxelrojo.com\/independiente\/wp-json\/wp\/v2\/comments?post=65971"}],"version-history":[{"count":0,"href":"https:\/\/www.locoxelrojo.com\/independiente\/wp-json\/wp\/v2\/posts\/65971\/revisions"}],"wp:featuredmedia":[{"embeddable":true,"href":"https:\/\/www.locoxelrojo.com\/independiente\/wp-json\/wp\/v2\/media\/65977"}],"wp:attachment":[{"href":"https:\/\/www.locoxelrojo.com\/independiente\/wp-json\/wp\/v2\/media?parent=65971"}],"wp:term":[{"taxonomy":"category","embeddable":true,"href":"https:\/\/www.locoxelrojo.com\/independiente\/wp-json\/wp\/v2\/categories?post=65971"},{"taxonomy":"post_tag","embeddable":true,"href":"https:\/\/www.locoxelrojo.com\/independiente\/wp-json\/wp\/v2\/tags?post=65971"}],"curies":[{"name":"wp","href":"https:\/\/api.w.org\/{rel}","templated":true}]}}