{"id":66040,"date":"2016-07-27T12:53:05","date_gmt":"2016-07-27T15:53:05","guid":{"rendered":"http:\/\/www.locoxelrojo.com\/independiente\/?p=66040"},"modified":"2016-07-27T15:07:28","modified_gmt":"2016-07-27T18:07:28","slug":"por-vera-tambien-hay-sondeos","status":"publish","type":"post","link":"https:\/\/www.locoxelrojo.com\/independiente\/2016\/07\/27\/por-vera-tambien-hay-sondeos\/","title":{"rendered":"Por Vera tambi\u00e9n hay sondeos"},"content":{"rendered":"<p><strong>El delantero uruguayo interesa en Col\u00f3n de Santa Fe y desde Boca quieren incluirlo en la negociaci\u00f3n por Pablo P\u00e9rez.<\/strong><\/p>\n<p>Mientras Diego Vera se recupera favorablemente de <a href=\"https:\/\/www.locoxelrojo.com\/independiente\/2016\/07\/09\/un-mes-sin-vera\/\">la fractura que sufri\u00f3 en el amistoso con Flandria<\/a>, al uruguayo lo pretenden dos clubes del f\u00fatbol argentino. <strong>En varios medios santafesinos Jos\u00e9 Vignatti, presidente de Col\u00f3n, manifest\u00f3 su intenci\u00f3n de contar con el delantero. La idea del Sabalero es concretar un pr\u00e9stamo.<\/strong><\/p>\n<p>H\u00e9ctor Maldonado en Radio La Red confirm\u00f3 el inter\u00e9s del Sabalero y aclar\u00f3 que ve complicado que el pase se lleve adelante: <strong>&#8220;En la reuni\u00f3n de dirigentes en la AFA, me solicitaron al delantero uruguayo. Lo hablaremos con Gabriel Milito, pero lo veo muy dif\u00edcil\u201d<\/strong>.<\/p>\n<p><strong>Otro equipo que pretende a Vera es Boca.<\/strong> Hay una reuni\u00f3n pendiente en las pr\u00f3ximas horas entre Daniel Angelici y Hugo Moyano por Pablo P\u00e9rez. <strong>Los rumores por los pasillos del club de la ribera indican que por pedido de Guillermo Barros Schelotto el pope Xeneize pedir\u00e1 4.000.000 de d\u00f3lares por el volante o el pase del delantero uruguayo.<\/strong><\/p>\n<p><!-- Pontamedia Survey Tag \/\/--><\/p>\n<div id=\"brandencuesta\"><\/div>\n<p><script type=\"text\/javascript\" src=\"\/\/api.pontamedia.net\/survey.php?p=YToyOntzOjE6ImsiO3M6NDA6IjU3N2VlOTYzMGJjNWUwNWJlZDQ2MDk4YWJmZDZlZjZmMDFkMzQ1M2MiO3M6NjoicG9sbElkIjtpOjIwMTI7fQ==&#038;lang=es\" async><\/script><br \/>\n<!-- End Pontamedia Survey Tag \/\/--><\/p>\n","protected":false},"excerpt":{"rendered":"<p>El delantero uruguayo interesa en Col\u00f3n de Santa Fe y desde Boca quieren incluirlo en la negociaci\u00f3n por Pablo P\u00e9rez. Mientras Diego Vera se recupera favorablemente de la fractura que sufri\u00f3 en el amistoso con Flandria, al uruguayo lo pretenden dos clubes del f\u00fatbol argentino. En varios medios santafesinos Jos\u00e9 Vignatti, presidente de Col\u00f3n, manifest\u00f3 [&hellip;]<\/p>\n","protected":false},"author":1,"featured_media":66041,"comment_status":"open","ping_status":"closed","sticky":false,"template":"","format":"standard","meta":{"_links_to":"","_links_to_target":""},"categories":[3,1],"tags":[193,153,225,2791,2636],"_links":{"self":[{"href":"https:\/\/www.locoxelrojo.com\/independiente\/wp-json\/wp\/v2\/posts\/66040"}],"collection":[{"href":"https:\/\/www.locoxelrojo.com\/independiente\/wp-json\/wp\/v2\/posts"}],"about":[{"href":"https:\/\/www.locoxelrojo.com\/independiente\/wp-json\/wp\/v2\/types\/post"}],"author":[{"embeddable":true,"href":"https:\/\/www.locoxelrojo.com\/independiente\/wp-json\/wp\/v2\/users\/1"}],"replies":[{"embeddable":true,"href":"https:\/\/www.locoxelrojo.com\/independiente\/wp-json\/wp\/v2\/comments?post=66040"}],"version-history":[{"count":0,"href":"https:\/\/www.locoxelrojo.com\/independiente\/wp-json\/wp\/v2\/posts\/66040\/revisions"}],"wp:featuredmedia":[{"embeddable":true,"href":"https:\/\/www.locoxelrojo.com\/independiente\/wp-json\/wp\/v2\/media\/66041"}],"wp:attachment":[{"href":"https:\/\/www.locoxelrojo.com\/independiente\/wp-json\/wp\/v2\/media?parent=66040"}],"wp:term":[{"taxonomy":"category","embeddable":true,"href":"https:\/\/www.locoxelrojo.com\/independiente\/wp-json\/wp\/v2\/categories?post=66040"},{"taxonomy":"post_tag","embeddable":true,"href":"https:\/\/www.locoxelrojo.com\/independiente\/wp-json\/wp\/v2\/tags?post=66040"}],"curies":[{"name":"wp","href":"https:\/\/api.w.org\/{rel}","templated":true}]}}