{"id":6606,"date":"2011-04-06T15:29:44","date_gmt":"2011-04-06T18:29:44","guid":{"rendered":"http:\/\/www.locoxelrojo.com.ar\/independiente\/?p=6606"},"modified":"2015-09-10T00:09:40","modified_gmt":"2015-09-10T03:09:40","slug":"lista-de-22-jugadores","status":"publish","type":"post","link":"https:\/\/www.locoxelrojo.com\/independiente\/2011\/04\/06\/lista-de-22-jugadores\/","title":{"rendered":"Concentrados vs. Godoy Cruz: Busse out"},"content":{"rendered":"<p><a href=\"http:\/\/www.locoxelrojo.com.ar\/independiente\/wp-content\/uploads\/2011\/04\/Walter-Busse.jpg\"><img loading=\"lazy\" class=\"alignnone size-full wp-image-6607\" title=\"Walter-Busse\" src=\"http:\/\/www.locoxelrojo.com.ar\/independiente\/wp-content\/uploads\/2011\/04\/Walter-Busse.jpg\" alt=\"\" width=\"590\" height=\"315\" srcset=\"https:\/\/locoxelrojo.com\/independiente\/wp-content\/uploads\/2011\/04\/Walter-Busse.jpg 590w, https:\/\/locoxelrojo.com\/independiente\/wp-content\/uploads\/2011\/04\/Walter-Busse-300x160.jpg 300w\" sizes=\"(max-width: 590px) 100vw, 590px\" \/><\/a><\/p>\n<p>Mohamed dispuso concentrar 22 jugadores de cara al cotejo frente a Godoy Cruz el pr\u00f3ximo viernes a las 21:10. Los jugadores ya est\u00e1n concentrados en el Hotel Intercontinental y se entrenar\u00e1n ma\u00f1ana por la tarde en Villa Dom\u00ednico a puertas cerradas. A la lista de buena fe para la Copa Libertadores se suman Diego Rodr\u00edguez, Gabriel Vall\u00e9s, Samuel C\u00e1ceres, Lucas Villafa\u00f1ez y Nicol\u00e1s Mart\u00ednez. Walter Busse qued\u00f3 afuera y jugar\u00e1 en reserva.<\/p>\n<p>Diego Rodr\u00edguez reemplazar\u00e1 a Adri\u00e1n Gabbarini quien no ir\u00e1 al banco de los suplentes por entrenarse diferenciado en el d\u00eda de la fecha, tampoco integrar\u00e1 la lista. Gabriel Vall\u00e9s y Samuel C\u00e1ceres se sumar\u00e1n entre los defensores. Por otro lado, entre los volantes si bien Mohamed incluy\u00f3 a 2 enganches como Mart\u00ednez y Villafa\u00f1ez, adem\u00e1s de Leandro Graci\u00e1n,\u00a0 opt\u00f3 por dejar afuera a Walter Busse puesto a que por derecha est\u00e1n Hernan Fredes e Iv\u00e1n V\u00e9lez.<\/p>\n<p><em><strong>A continuaci\u00f3n, la lista de concentrados:<\/strong><\/em><\/p>\n<p><strong>Arqueros:<\/strong> Fabi\u00e1n Assmann y Diego Rodr\u00edguez.<br \/>\n<strong>Defensores:<\/strong> Eduardo Tuzzio, Juli\u00e1n Vel\u00e1zquez, Maximiliano Vel\u00e1zquez, Leonel Galeano, Iv\u00e1n V\u00e9lez, Gabriel Vall\u00e9s, Lucas Mareque y Samuel C\u00e1ceres.<br \/>\n<strong>Volantes:<\/strong> Roberto Batti\u00f3n, Hern\u00e1n Fredes, Cristian Pellerano, Lucas Villafa\u00f1ez, Nicol\u00e1s Mart\u00ednez, Fernando Godoy, Leandro Graci\u00e1n e Iv\u00e1n P\u00e9rez.<br \/>\n<strong>Delanteros:<\/strong> Andr\u00e9s Silvera, Facundo Parra, Leonel N\u00fa\u00f1ez y Patricio Rodr\u00edguez.<\/p>\n","protected":false},"excerpt":{"rendered":"<p>Mohamed dispuso concentrar 22 jugadores de cara al cotejo frente a Godoy Cruz el pr\u00f3ximo viernes a las 21:10. Los jugadores ya est\u00e1n concentrados en el Hotel Intercontinental y se entrenar\u00e1n ma\u00f1ana por la tarde en Villa Dom\u00ednico a puertas cerradas. A la lista de buena fe para la Copa Libertadores se suman Diego Rodr\u00edguez, [&hellip;]<\/p>\n","protected":false},"author":1,"featured_media":0,"comment_status":"open","ping_status":"open","sticky":false,"template":"","format":"standard","meta":{"_links_to":"","_links_to_target":""},"categories":[3,1],"tags":[395,153,3033],"_links":{"self":[{"href":"https:\/\/www.locoxelrojo.com\/independiente\/wp-json\/wp\/v2\/posts\/6606"}],"collection":[{"href":"https:\/\/www.locoxelrojo.com\/independiente\/wp-json\/wp\/v2\/posts"}],"about":[{"href":"https:\/\/www.locoxelrojo.com\/independiente\/wp-json\/wp\/v2\/types\/post"}],"author":[{"embeddable":true,"href":"https:\/\/www.locoxelrojo.com\/independiente\/wp-json\/wp\/v2\/users\/1"}],"replies":[{"embeddable":true,"href":"https:\/\/www.locoxelrojo.com\/independiente\/wp-json\/wp\/v2\/comments?post=6606"}],"version-history":[{"count":0,"href":"https:\/\/www.locoxelrojo.com\/independiente\/wp-json\/wp\/v2\/posts\/6606\/revisions"}],"wp:attachment":[{"href":"https:\/\/www.locoxelrojo.com\/independiente\/wp-json\/wp\/v2\/media?parent=6606"}],"wp:term":[{"taxonomy":"category","embeddable":true,"href":"https:\/\/www.locoxelrojo.com\/independiente\/wp-json\/wp\/v2\/categories?post=6606"},{"taxonomy":"post_tag","embeddable":true,"href":"https:\/\/www.locoxelrojo.com\/independiente\/wp-json\/wp\/v2\/tags?post=6606"}],"curies":[{"name":"wp","href":"https:\/\/api.w.org\/{rel}","templated":true}]}}