{"id":66105,"date":"2016-07-28T23:23:15","date_gmt":"2016-07-29T02:23:15","guid":{"rendered":"http:\/\/www.locoxelrojo.com\/independiente\/?p=66105"},"modified":"2016-07-28T23:23:15","modified_gmt":"2016-07-29T02:23:15","slug":"alejandro-gomez-la-baja-numero-12","status":"publish","type":"post","link":"https:\/\/www.locoxelrojo.com\/independiente\/2016\/07\/28\/alejandro-gomez-la-baja-numero-12\/","title":{"rendered":"Alejandro G\u00f3mez, la baja n\u00famero 12"},"content":{"rendered":"<p>Este jueves se concret\u00f3 la baja n\u00famero 12 de Independiente en este mercado de pases. <strong>Alejandro G\u00f3mez pas\u00f3 a pr\u00e9stamo por un a\u00f1o sin cargo y sin opci\u00f3n a San Lorenzo de Alem, club de Catamarca que milita en el Federal A.<\/strong><\/p>\n<p>El lateral izquierdo, <strong>que a\u00fan no jug\u00f3 ni un minuto en Primera, tampoco ten\u00eda lugar en la Reserva de Fernando Ber\u00f3n.<\/strong> Por eso decidi\u00f3 irse y fue prestado a San Lorenzo de Alem, <strong>para que la cifra del \u00e9xodo se ampl\u00ede a 12.<\/strong><\/p>\n<p>El mensaje que dej\u00f3 en su cuenta de <strong>Twitter cuando anunci\u00f3 que no seguir\u00eda en el Rojo:<\/strong><\/p>\n<blockquote class=\"twitter-tweet\" data-lang=\"es\">\n<p dir=\"ltr\" lang=\"es\">Me duele irme del rojo porque en las inferiores no hay un 3 mejor yo ! Solo Dios sabe mi destino \u270c\ufe0f<\/p>\n<p>\u2014 Alejandro Gomez (@torogomezz) <a href=\"https:\/\/twitter.com\/torogomezz\/status\/749962587685720065\">4 de julio de 2016<\/a><\/p><\/blockquote>\n<p><script src=\"\/\/platform.twitter.com\/widgets.js\" async=\"\" charset=\"utf-8\"><\/script><\/p>\n<p><span style=\"text-decoration: underline;\"><strong>Las 12 bajas en\u00a0detalle<\/strong><\/span><\/p>\n<p>1. Ezequiel Vidal \u2013 Rescindi\u00f3 \u2013 Regres\u00f3 a Olimpo y se fue a pr\u00e9stamo al Delf\u00edn Sporting Club de Ecuador<\/p>\n<p>2. Emanuel Aguilera \u2013 Venta al Tijuana de M\u00e9xico<\/p>\n<p>3. Marcelo Vidal \u2013 Libre \u2013 Continuar\u00e1 en Blooming de Bolivia<\/p>\n<p>4. Rodrigo G\u00f3mez \u2013 Venta al Toluca de M\u00e9xico<\/p>\n<p>5. Patricio Vidal \u2013 Libre<\/p>\n<p>6. Fabi\u00e1n Monserrat \u2013 Rescindi\u00f3 \u2013 Continuar\u00e1 en Venados de M\u00e9xico<\/p>\n<p>7. Rafael Barrios \u2013 Se entreg\u00f3 el 80% de su pase a Defensa y Justicia en parte de pago por Dami\u00e1n Mart\u00ednez<\/p>\n<p>8. Sa\u00fal Nelle \u2013 A pr\u00e9stamo en Los Andes por 1 a\u00f1o, sin cargo y sin opci\u00f3n<\/p>\n<p>9. Mauricio Del Castillo \u2013 A pr\u00e9stamo en Deportivo Mor\u00f3n por 1 a\u00f1o, sin cargo y sin opci\u00f3n<\/p>\n<p>10. Claudio Aquino \u2013 A pr\u00e9stamo en Fluminense por 1 a\u00f1o, con cargo de 200.000 d\u00f3lares y opci\u00f3n de 1.800.000<\/p>\n<p>11. Leonel Miranda \u2013 Rescindi\u00f3 \u2013 Continuar\u00e1 en Defensa y Justicia<\/p>\n<p>12. Alejandro G\u00f3mez &#8211; A pr\u00e9stamo en San Lorenzo de Alem de Catamarca por 1 a\u00f1o, sin cargo y sin opci\u00f3n<\/p>\n<p>&nbsp;<\/p>\n","protected":false},"excerpt":{"rendered":"<p>Este jueves se concret\u00f3 la baja n\u00famero 12 de Independiente en este mercado de pases. Alejandro G\u00f3mez pas\u00f3 a pr\u00e9stamo por un a\u00f1o sin cargo y sin opci\u00f3n a San Lorenzo de Alem, club de Catamarca que milita en el Federal A. El lateral izquierdo, que a\u00fan no jug\u00f3 ni un minuto en Primera, tampoco [&hellip;]<\/p>\n","protected":false},"author":11,"featured_media":66106,"comment_status":"open","ping_status":"closed","sticky":false,"template":"","format":"standard","meta":{"_links_to":"","_links_to_target":""},"categories":[3,1],"tags":[2377,153,3222,3240],"_links":{"self":[{"href":"https:\/\/www.locoxelrojo.com\/independiente\/wp-json\/wp\/v2\/posts\/66105"}],"collection":[{"href":"https:\/\/www.locoxelrojo.com\/independiente\/wp-json\/wp\/v2\/posts"}],"about":[{"href":"https:\/\/www.locoxelrojo.com\/independiente\/wp-json\/wp\/v2\/types\/post"}],"author":[{"embeddable":true,"href":"https:\/\/www.locoxelrojo.com\/independiente\/wp-json\/wp\/v2\/users\/11"}],"replies":[{"embeddable":true,"href":"https:\/\/www.locoxelrojo.com\/independiente\/wp-json\/wp\/v2\/comments?post=66105"}],"version-history":[{"count":0,"href":"https:\/\/www.locoxelrojo.com\/independiente\/wp-json\/wp\/v2\/posts\/66105\/revisions"}],"wp:featuredmedia":[{"embeddable":true,"href":"https:\/\/www.locoxelrojo.com\/independiente\/wp-json\/wp\/v2\/media\/66106"}],"wp:attachment":[{"href":"https:\/\/www.locoxelrojo.com\/independiente\/wp-json\/wp\/v2\/media?parent=66105"}],"wp:term":[{"taxonomy":"category","embeddable":true,"href":"https:\/\/www.locoxelrojo.com\/independiente\/wp-json\/wp\/v2\/categories?post=66105"},{"taxonomy":"post_tag","embeddable":true,"href":"https:\/\/www.locoxelrojo.com\/independiente\/wp-json\/wp\/v2\/tags?post=66105"}],"curies":[{"name":"wp","href":"https:\/\/api.w.org\/{rel}","templated":true}]}}