{"id":66140,"date":"2016-07-30T17:30:35","date_gmt":"2016-07-30T20:30:35","guid":{"rendered":"http:\/\/www.locoxelrojo.com\/independiente\/?p=66140"},"modified":"2016-07-30T21:15:36","modified_gmt":"2016-07-31T00:15:36","slug":"denis-el-analisis-es-positivo-vamos-a-llegar-muy-bien-para-lo-que-viene","status":"publish","type":"post","link":"https:\/\/www.locoxelrojo.com\/independiente\/2016\/07\/30\/denis-el-analisis-es-positivo-vamos-a-llegar-muy-bien-para-lo-que-viene\/","title":{"rendered":"Denis: \u201cEl an\u00e1lisis es positivo, vamos a llegar muy bien para lo que viene\u201d"},"content":{"rendered":"<p><strong>Germ\u00e1n Denis<\/strong> se mostr\u00f3 muy conforme y confiado por el rendimiento que tuvo Independiente\u00a0en el empate contra Gimnasia en el amistoso disputado en La Plata.<\/p>\n<p><strong>\u201cEl an\u00e1lisis es positivo. Se intent\u00f3 desplegar lo que quiere Gaby, a pesar del campo de juego que estaba en muy mal estado. Estamos bien y hay que seguir trabajando para estar mejor todav\u00eda. Seguramente tenemos cosas para corregir, pero de esta manera vamos a llegar muy bien para lo que viene\u201d,<\/strong> asever\u00f3 el Tanque, muy a gusto por el buen nivel que despleg\u00f3 Independiente.<\/p>\n<p>As\u00ed mismo, no ocult\u00f3 su alegr\u00eda por poder disfrutar del p\u00fablico visitante, que tanto se extra\u00f1a en el f\u00fatbol argentino: <strong>\u201cLa gente fue impresionante, vinieron much\u00edsimos hinchas desde Avellaneda. Tener las tribunas de los dos equipos es un folklore totalmente distinto\u201d.<\/strong><\/p>\n<p>Sobre la pretemporada personal que realiz\u00f3 para ponerse a punto f\u00edsicamente, admiti\u00f3:\u00a0<strong>\u201cMe\u00a0sent\u00ed\u00a0bien, aunque todav\u00eda me falta un poco\u201d<\/strong>. Para cerrar, cont\u00f3\u00a0que esperan ansiosos el partido ante Defensa y Justicia por la Copa Argentina:<strong>\u00a0\u201cEstamos en la recta final de la preparaci\u00f3n. S\u00f3lo nos queda seguir trabajando y esperar al lunes que viene que, para nosotros, va a ser una de las primeras finales\u201d<\/strong>.<\/p>\n<p><!-- Pontamedia Survey Tag \/\/--><\/p>\n<div id=\"brandencuesta\"><\/div>\n<p><script src=\"\/\/api.pontamedia.net\/survey.php?p=YToyOntzOjE6ImsiO3M6NDA6IjU3N2VlOTYzMGJjNWUwNWJlZDQ2MDk4YWJmZDZlZjZmMDFkMzQ1M2MiO3M6NjoicG9sbElkIjtpOjIwOTE7fQ==&amp;lang=es\" async=\"\"><\/script><br \/>\n<!-- End Pontamedia Survey Tag \/\/--><\/p>\n","protected":false},"excerpt":{"rendered":"<p>Germ\u00e1n Denis se mostr\u00f3 muy conforme y confiado por el rendimiento que tuvo Independiente\u00a0en el empate contra Gimnasia en el amistoso disputado en La Plata. \u201cEl an\u00e1lisis es positivo. Se intent\u00f3 desplegar lo que quiere Gaby, a pesar del campo de juego que estaba en muy mal estado. Estamos bien y hay que seguir trabajando [&hellip;]<\/p>\n","protected":false},"author":16,"featured_media":66143,"comment_status":"open","ping_status":"closed","sticky":false,"template":"","format":"standard","meta":{"_links_to":"","_links_to_target":""},"categories":[3,1],"tags":[2245,153,397,483],"_links":{"self":[{"href":"https:\/\/www.locoxelrojo.com\/independiente\/wp-json\/wp\/v2\/posts\/66140"}],"collection":[{"href":"https:\/\/www.locoxelrojo.com\/independiente\/wp-json\/wp\/v2\/posts"}],"about":[{"href":"https:\/\/www.locoxelrojo.com\/independiente\/wp-json\/wp\/v2\/types\/post"}],"author":[{"embeddable":true,"href":"https:\/\/www.locoxelrojo.com\/independiente\/wp-json\/wp\/v2\/users\/16"}],"replies":[{"embeddable":true,"href":"https:\/\/www.locoxelrojo.com\/independiente\/wp-json\/wp\/v2\/comments?post=66140"}],"version-history":[{"count":0,"href":"https:\/\/www.locoxelrojo.com\/independiente\/wp-json\/wp\/v2\/posts\/66140\/revisions"}],"wp:featuredmedia":[{"embeddable":true,"href":"https:\/\/www.locoxelrojo.com\/independiente\/wp-json\/wp\/v2\/media\/66143"}],"wp:attachment":[{"href":"https:\/\/www.locoxelrojo.com\/independiente\/wp-json\/wp\/v2\/media?parent=66140"}],"wp:term":[{"taxonomy":"category","embeddable":true,"href":"https:\/\/www.locoxelrojo.com\/independiente\/wp-json\/wp\/v2\/categories?post=66140"},{"taxonomy":"post_tag","embeddable":true,"href":"https:\/\/www.locoxelrojo.com\/independiente\/wp-json\/wp\/v2\/tags?post=66140"}],"curies":[{"name":"wp","href":"https:\/\/api.w.org\/{rel}","templated":true}]}}