{"id":6620,"date":"2011-04-06T18:35:05","date_gmt":"2011-04-06T21:35:05","guid":{"rendered":"http:\/\/www.locoxelrojo.com.ar\/independiente\/?p=6620"},"modified":"2015-09-10T00:09:59","modified_gmt":"2015-09-10T03:09:59","slug":"elecciones-2011-comparada-y-cantero-los-primeros-candidatos","status":"publish","type":"post","link":"https:\/\/www.locoxelrojo.com\/independiente\/2011\/04\/06\/elecciones-2011-comparada-y-cantero-los-primeros-candidatos\/","title":{"rendered":"Elecciones 2011: Comparada y Cantero, los primeros candidatos"},"content":{"rendered":"<p><a href=\"http:\/\/www.locoxelrojo.com.ar\/independiente\/wp-content\/uploads\/2011\/04\/elecciones2011.jpg\"><img loading=\"lazy\" class=\"alignnone size-full wp-image-6621\" title=\"elecciones2011\" src=\"http:\/\/www.locoxelrojo.com.ar\/independiente\/wp-content\/uploads\/2011\/04\/elecciones2011.jpg\" alt=\"\" width=\"590\" height=\"315\" srcset=\"https:\/\/locoxelrojo.com\/independiente\/wp-content\/uploads\/2011\/04\/elecciones2011.jpg 590w, https:\/\/locoxelrojo.com\/independiente\/wp-content\/uploads\/2011\/04\/elecciones2011-300x160.jpg 300w\" sizes=\"(max-width: 590px) 100vw, 590px\" \/><\/a><\/p>\n<p>En el d\u00eda de hoy en <strong>ESPN Radio Rivadavia<\/strong> Julio Comparada confirm\u00f3 que en diciembre se va a presentar nuevamente como Presidente de Independiente en las elecciones del club.<\/p>\n<p><strong>\u201cVoy a presentarme en diciembre\u201d<\/strong>, dijo en di\u00e1logo con <strong>AM630<\/strong> el actual Presidente quien va por su tercer mandato para el oficialismo. Si bien todav\u00eda no esta confirmado quienes lo van acompa\u00f1ar en la lista, ya se sabe cuales son las aspiraciones del oficialismo como bien anticipabamos el Lunes en el programa LXR Radio.<\/p>\n<p>Comparada no es el \u00fanico candidato ya confirmado. En la semana Independiente M\u00edstico en un Comunicado de Prensa, anunci\u00f3 a Javier Cantero como candidato a Presidente. <strong>\u201cEl proceso actual est\u00e1 acabado. El oficialismo est\u00e1 en su peor momento, lo marcan nuestras encuestas y la gente ya no quiere saber nada con ellos\u201d<\/strong>, fueron las palabras de Cantero a en un reportaje a <strong>De La Cuna al Infierno<\/strong>.<\/p>\n<p>Por el momento ya hay confirmadas dos alternativas, veremos que ocurre de aca a diciembre cuando los Socios deban elegir al nuevo Presidente del Club Atl\u00e9tico Independiente.<\/p>\n","protected":false},"excerpt":{"rendered":"<p>En el d\u00eda de hoy en ESPN Radio Rivadavia Julio Comparada confirm\u00f3 que en diciembre se va a presentar nuevamente como Presidente de Independiente en las elecciones del club. \u201cVoy a presentarme en diciembre\u201d, dijo en di\u00e1logo con AM630 el actual Presidente quien va por su tercer mandato para el oficialismo. Si bien todav\u00eda no [&hellip;]<\/p>\n","protected":false},"author":1,"featured_media":0,"comment_status":"open","ping_status":"open","sticky":false,"template":"","format":"standard","meta":{"_links_to":"","_links_to_target":""},"categories":[4,1],"tags":[153,722,723,33],"_links":{"self":[{"href":"https:\/\/www.locoxelrojo.com\/independiente\/wp-json\/wp\/v2\/posts\/6620"}],"collection":[{"href":"https:\/\/www.locoxelrojo.com\/independiente\/wp-json\/wp\/v2\/posts"}],"about":[{"href":"https:\/\/www.locoxelrojo.com\/independiente\/wp-json\/wp\/v2\/types\/post"}],"author":[{"embeddable":true,"href":"https:\/\/www.locoxelrojo.com\/independiente\/wp-json\/wp\/v2\/users\/1"}],"replies":[{"embeddable":true,"href":"https:\/\/www.locoxelrojo.com\/independiente\/wp-json\/wp\/v2\/comments?post=6620"}],"version-history":[{"count":0,"href":"https:\/\/www.locoxelrojo.com\/independiente\/wp-json\/wp\/v2\/posts\/6620\/revisions"}],"wp:attachment":[{"href":"https:\/\/www.locoxelrojo.com\/independiente\/wp-json\/wp\/v2\/media?parent=6620"}],"wp:term":[{"taxonomy":"category","embeddable":true,"href":"https:\/\/www.locoxelrojo.com\/independiente\/wp-json\/wp\/v2\/categories?post=6620"},{"taxonomy":"post_tag","embeddable":true,"href":"https:\/\/www.locoxelrojo.com\/independiente\/wp-json\/wp\/v2\/tags?post=6620"}],"curies":[{"name":"wp","href":"https:\/\/api.w.org\/{rel}","templated":true}]}}