{"id":66721,"date":"2016-08-20T16:41:55","date_gmt":"2016-08-20T19:41:55","guid":{"rendered":"http:\/\/www.locoxelrojo.com\/independiente\/?p=66721"},"modified":"2016-08-20T16:41:55","modified_gmt":"2016-08-20T19:41:55","slug":"pablo-perez-seguira-en-boca","status":"publish","type":"post","link":"https:\/\/www.locoxelrojo.com\/independiente\/2016\/08\/20\/pablo-perez-seguira-en-boca\/","title":{"rendered":"Pablo P\u00e9rez seguir\u00e1 en Boca"},"content":{"rendered":"<p>D\u00edas atr\u00e1s a Gabriel Milito <a href=\"https:\/\/www.locoxelrojo.com\/independiente\/2016\/08\/18\/schunke-me-quedo-en-estudiantes\/\">se le cay\u00f3 uno de los refuerzos m\u00e1s solicitados, Jonathan Schunke<\/a>. <strong>En las \u00faltimas horas se supo que Pablo P\u00e9rez seguir\u00e1 en Boca y el Mariscal se quedar\u00e1 con las ganas de contar con otro de los jugadores pedidos en este mercado de pases.<\/strong><\/p>\n<p><strong>\u201cAyer me reun\u00ed con Pablo P\u00e9rez, le ofrecimos mejorar el contrato y qued\u00f3 en que nos iba a contestar en estos d\u00edas. Tiene una propuesta de Independiente y la decisi\u00f3n la va a tomar \u00e9l&#8221;<\/strong>, expresaba Daniel Angelici en di\u00e1logo con Radio La Red. <strong>\u201cHicieron una buena propuesta al club y Boca est\u00e1 dispuesto a aceptarla. De todas maneras, a esta altura me parece que se va a quedar en Boca&#8221;<\/strong>, agregaba el pope Xeneize. A estos dichos hay que sumarle que <strong>Hugo Moyano no estaba seguro de desembolsar 2.300.000 d\u00f3lares por el volante de 31 a\u00f1os<\/strong>.<\/p>\n<p>Sin embargo, <strong>en una reuni\u00f3n entre el jugador con sus representantes Jorge y Carlos Bilicich decidieron rechazar al Rojo y seguir en Boca<\/strong>, con quien tienen un contrato hasta el 2019 y tal como expres\u00f3 Angelici con una oferta para mejorar su salario.<\/p>\n<p>De esta manera, <strong>en una semana a Milito se le cayeron dos jugadores claves <a href=\"https:\/\/www.locoxelrojo.com\/independiente\/2016\/08\/17\/milito-necesitamos-a-perez-y-schunke-tenemos-la-esperanza-de-sumarlos\/\">a quienes solicit\u00f3 p\u00fablicamente<\/a><\/strong>. Panorama complicado para Gaby&#8230;<\/p>\n","protected":false},"excerpt":{"rendered":"<p>D\u00edas atr\u00e1s a Gabriel Milito se le cay\u00f3 uno de los refuerzos m\u00e1s solicitados, Jonathan Schunke. En las \u00faltimas horas se supo que Pablo P\u00e9rez seguir\u00e1 en Boca y el Mariscal se quedar\u00e1 con las ganas de contar con otro de los jugadores pedidos en este mercado de pases. \u201cAyer me reun\u00ed con Pablo P\u00e9rez, [&hellip;]<\/p>\n","protected":false},"author":1,"featured_media":66722,"comment_status":"open","ping_status":"closed","sticky":false,"template":"","format":"standard","meta":{"_links_to":"","_links_to_target":""},"categories":[3280,3247],"tags":[193,153,1518],"_links":{"self":[{"href":"https:\/\/www.locoxelrojo.com\/independiente\/wp-json\/wp\/v2\/posts\/66721"}],"collection":[{"href":"https:\/\/www.locoxelrojo.com\/independiente\/wp-json\/wp\/v2\/posts"}],"about":[{"href":"https:\/\/www.locoxelrojo.com\/independiente\/wp-json\/wp\/v2\/types\/post"}],"author":[{"embeddable":true,"href":"https:\/\/www.locoxelrojo.com\/independiente\/wp-json\/wp\/v2\/users\/1"}],"replies":[{"embeddable":true,"href":"https:\/\/www.locoxelrojo.com\/independiente\/wp-json\/wp\/v2\/comments?post=66721"}],"version-history":[{"count":0,"href":"https:\/\/www.locoxelrojo.com\/independiente\/wp-json\/wp\/v2\/posts\/66721\/revisions"}],"wp:featuredmedia":[{"embeddable":true,"href":"https:\/\/www.locoxelrojo.com\/independiente\/wp-json\/wp\/v2\/media\/66722"}],"wp:attachment":[{"href":"https:\/\/www.locoxelrojo.com\/independiente\/wp-json\/wp\/v2\/media?parent=66721"}],"wp:term":[{"taxonomy":"category","embeddable":true,"href":"https:\/\/www.locoxelrojo.com\/independiente\/wp-json\/wp\/v2\/categories?post=66721"},{"taxonomy":"post_tag","embeddable":true,"href":"https:\/\/www.locoxelrojo.com\/independiente\/wp-json\/wp\/v2\/tags?post=66721"}],"curies":[{"name":"wp","href":"https:\/\/api.w.org\/{rel}","templated":true}]}}