{"id":67165,"date":"2016-09-16T13:37:51","date_gmt":"2016-09-16T16:37:51","guid":{"rendered":"http:\/\/www.locoxelrojo.com\/independiente\/?p=67165"},"modified":"2016-09-16T14:44:54","modified_gmt":"2016-09-16T17:44:54","slug":"concentrados-vs-quilmes-los-mismos-19","status":"publish","type":"post","link":"https:\/\/www.locoxelrojo.com\/independiente\/2016\/09\/16\/concentrados-vs-quilmes-los-mismos-19\/","title":{"rendered":"Concentrados vs. Quilmes: los mismos 19"},"content":{"rendered":"<p><strong>Gabriel Milito entreg\u00f3 la lista de 19 concentrados para el partido de este\u00a0s\u00e1bado a las 18 ante Quilmes como visitante por la tercera fecha del torneo. Fueron convocados los mismos 19 que ante Lan\u00fas.<\/strong><\/p>\n<p>El Mariscal decidi\u00f3 concentrar a los mismos futbolistas del partido frente al Granate por Copa Sudamericana, <strong>con la intenci\u00f3n de que Cristian Rodr\u00edguez descanse para el duelo del mi\u00e9rcoles ante Chapecoense. En tanto, Maximiliano Meza, que a\u00fan no firm\u00f3 su contrato, tampoco est\u00e1 en la lista.<\/strong><\/p>\n<p><strong>Los 19 concentrados:<\/strong><\/p>\n<p><strong>Arqueros:<\/strong> Mart\u00edn Campa\u00f1a y Gonzalo Rehak.<\/p>\n<p><strong>Defensores:<\/strong> Gustavo Toledo, Nicol\u00e1s Figal, V\u00edctor Cuesta, Nicol\u00e1s Tagliafico, Hern\u00e1n Pellerano y Dami\u00e1n Mart\u00ednez.<\/p>\n<p><strong>Volantes:<\/strong> Jorge Ort\u00edz, Diego Rodr\u00edguez, Domingo Blanco, Emiliano Rigoni, Juan S\u00e1nchez Mi\u00f1o, Ezequiel Barco y Juli\u00e1n Vitale.<\/p>\n<p><strong>Delanteros:<\/strong> Diego Vera, Mart\u00edn Ben\u00edtez, Germ\u00e1n Denis y Lucas Albertengo.<\/p>\n","protected":false},"excerpt":{"rendered":"<p>Gabriel Milito entreg\u00f3 la lista de 19 concentrados para el partido de este\u00a0s\u00e1bado a las 18 ante Quilmes como visitante por la tercera fecha del torneo. Fueron convocados los mismos 19 que ante Lan\u00fas. El Mariscal decidi\u00f3 concentrar a los mismos futbolistas del partido frente al Granate por Copa Sudamericana, con la intenci\u00f3n de que [&hellip;]<\/p>\n","protected":false},"author":11,"featured_media":67166,"comment_status":"open","ping_status":"closed","sticky":false,"template":"","format":"standard","meta":{"_links_to":"","_links_to_target":""},"categories":[3247,3],"tags":[153,2780,666,3243],"_links":{"self":[{"href":"https:\/\/www.locoxelrojo.com\/independiente\/wp-json\/wp\/v2\/posts\/67165"}],"collection":[{"href":"https:\/\/www.locoxelrojo.com\/independiente\/wp-json\/wp\/v2\/posts"}],"about":[{"href":"https:\/\/www.locoxelrojo.com\/independiente\/wp-json\/wp\/v2\/types\/post"}],"author":[{"embeddable":true,"href":"https:\/\/www.locoxelrojo.com\/independiente\/wp-json\/wp\/v2\/users\/11"}],"replies":[{"embeddable":true,"href":"https:\/\/www.locoxelrojo.com\/independiente\/wp-json\/wp\/v2\/comments?post=67165"}],"version-history":[{"count":0,"href":"https:\/\/www.locoxelrojo.com\/independiente\/wp-json\/wp\/v2\/posts\/67165\/revisions"}],"wp:featuredmedia":[{"embeddable":true,"href":"https:\/\/www.locoxelrojo.com\/independiente\/wp-json\/wp\/v2\/media\/67166"}],"wp:attachment":[{"href":"https:\/\/www.locoxelrojo.com\/independiente\/wp-json\/wp\/v2\/media?parent=67165"}],"wp:term":[{"taxonomy":"category","embeddable":true,"href":"https:\/\/www.locoxelrojo.com\/independiente\/wp-json\/wp\/v2\/categories?post=67165"},{"taxonomy":"post_tag","embeddable":true,"href":"https:\/\/www.locoxelrojo.com\/independiente\/wp-json\/wp\/v2\/tags?post=67165"}],"curies":[{"name":"wp","href":"https:\/\/api.w.org\/{rel}","templated":true}]}}