{"id":67398,"date":"2016-09-28T21:37:41","date_gmt":"2016-09-29T00:37:41","guid":{"rendered":"http:\/\/www.locoxelrojo.com\/independiente\/?p=67398"},"modified":"2016-09-28T21:41:09","modified_gmt":"2016-09-29T00:41:09","slug":"ficha-del-partido-vs-chapecoense-2","status":"publish","type":"post","link":"https:\/\/www.locoxelrojo.com\/independiente\/2016\/09\/28\/ficha-del-partido-vs-chapecoense-2\/","title":{"rendered":"Ficha del partido vs. Chapecoense"},"content":{"rendered":"<p><strong>Chapecoense:\u00a00 (5)<\/strong> Danilo; Gim\u00e9nez, Willian\u00a0Thiego, Filipe Machado,\u00a0Dener; Josimar; Ailton Canela, Matheus Biteco, Cl\u00e9ber Santana, Tiaguinho;\u00a0Kempes.<br \/>\n<strong>DT:<\/strong> Caio J\u00fanior.<\/p>\n<p><strong>Independiente:\u00a00 (4)<\/strong> Mart\u00edn Campa\u00f1a; Gustavo Toledo, Nicol\u00e1s Figal, V\u00edctor Cuesta, Nicol\u00e1s Tagliafico; Jorge Ortiz, Diego Rodr\u00edguez, Cristian Rodr\u00edguez; Maximiliano Meza, Diego Vera y Emiliano Rigoni.<br \/>\n<strong>DT:<\/strong> Gabriel Milito.<\/p>\n<p><strong>Goles: <\/strong>No hubo.<\/p>\n<p><strong>Penales:<\/strong> Thiego (CH) desviado, Ben\u00edtez (I) atajado, Santana (CH) atajado, Vera (I) gol, Felipe\u00a0(CH) gol, Rigoni (I)\u00a0atajado, Dener (CH) gol, Figal (I) gol, Rangel (CH) gol, Cuesta (I) gol, Gil (CH) atajado, S\u00e1nchez Mi\u00f1o (I) atajado, Matheus (CH) gol, Toledo (I) gol, Tiaguinho (CH) gol y Tagliafico (I) atajado.<\/p>\n<p><strong>Cambios:<\/strong>\u00a0ST 32&#8242; Lourency por Canela (CH), 39&#8242; Ezequiel Barco por Ortiz (I), 41&#8242; Mart\u00edn Ben\u00edtez por Meza (I), 42&#8242; Bruno Rangel por Kempes (CH), 47&#8242; Gil por Josimar (CH) y 52&#8242; Juan S\u00e1nchez Mi\u00f1o por C. Rodr\u00edguez (I).<\/p>\n<p><strong>Amonestados:<\/strong>\u00a0ST 15&#8242; Figal (I) y 17&#8242; Thiego.<\/p>\n<p><strong>Expulsados:<\/strong>\u00a0No hubo.<\/p>\n<p><strong>\u00c1rbitro:<\/strong> Roddy Zambrano (Ecuador).<\/p>\n<p><strong>Estadio:<\/strong> Arena Cond\u00e1.<\/p>\n","protected":false},"excerpt":{"rendered":"<p>Chapecoense:\u00a00 (5) Danilo; Gim\u00e9nez, Willian\u00a0Thiego, Filipe Machado,\u00a0Dener; Josimar; Ailton Canela, Matheus Biteco, Cl\u00e9ber Santana, Tiaguinho;\u00a0Kempes. DT: Caio J\u00fanior. Independiente:\u00a00 (4) Mart\u00edn Campa\u00f1a; Gustavo Toledo, Nicol\u00e1s Figal, V\u00edctor Cuesta, Nicol\u00e1s Tagliafico; Jorge Ortiz, Diego Rodr\u00edguez, Cristian Rodr\u00edguez; Maximiliano Meza, Diego Vera y Emiliano Rigoni. DT: Gabriel Milito. Goles: No hubo. Penales: Thiego (CH) desviado, Ben\u00edtez (I) [&hellip;]<\/p>\n","protected":false},"author":8,"featured_media":67399,"comment_status":"open","ping_status":"closed","sticky":false,"template":"","format":"standard","meta":{"_links_to":"","_links_to_target":""},"categories":[3247,1988],"tags":[3236,153,3106,295],"_links":{"self":[{"href":"https:\/\/www.locoxelrojo.com\/independiente\/wp-json\/wp\/v2\/posts\/67398"}],"collection":[{"href":"https:\/\/www.locoxelrojo.com\/independiente\/wp-json\/wp\/v2\/posts"}],"about":[{"href":"https:\/\/www.locoxelrojo.com\/independiente\/wp-json\/wp\/v2\/types\/post"}],"author":[{"embeddable":true,"href":"https:\/\/www.locoxelrojo.com\/independiente\/wp-json\/wp\/v2\/users\/8"}],"replies":[{"embeddable":true,"href":"https:\/\/www.locoxelrojo.com\/independiente\/wp-json\/wp\/v2\/comments?post=67398"}],"version-history":[{"count":0,"href":"https:\/\/www.locoxelrojo.com\/independiente\/wp-json\/wp\/v2\/posts\/67398\/revisions"}],"wp:featuredmedia":[{"embeddable":true,"href":"https:\/\/www.locoxelrojo.com\/independiente\/wp-json\/wp\/v2\/media\/67399"}],"wp:attachment":[{"href":"https:\/\/www.locoxelrojo.com\/independiente\/wp-json\/wp\/v2\/media?parent=67398"}],"wp:term":[{"taxonomy":"category","embeddable":true,"href":"https:\/\/www.locoxelrojo.com\/independiente\/wp-json\/wp\/v2\/categories?post=67398"},{"taxonomy":"post_tag","embeddable":true,"href":"https:\/\/www.locoxelrojo.com\/independiente\/wp-json\/wp\/v2\/tags?post=67398"}],"curies":[{"name":"wp","href":"https:\/\/api.w.org\/{rel}","templated":true}]}}