{"id":67593,"date":"2016-10-15T22:00:25","date_gmt":"2016-10-16T01:00:25","guid":{"rendered":"http:\/\/www.locoxelrojo.com\/independiente\/?p=67593"},"modified":"2016-10-16T03:09:54","modified_gmt":"2016-10-16T06:09:54","slug":"milito-comenzamos-mal-no-jugamos-bien-y-no-tuvimos-reaccion","status":"publish","type":"post","link":"https:\/\/www.locoxelrojo.com\/independiente\/2016\/10\/15\/milito-comenzamos-mal-no-jugamos-bien-y-no-tuvimos-reaccion\/","title":{"rendered":"Milito: &#8220;Comenzamos mal, no jugamos bien y no tuvimos reacci\u00f3n&#8221;"},"content":{"rendered":"<p><strong>Gabriel Milito habl\u00f3 en conferencia de prensa <a href=\"https:\/\/www.locoxelrojo.com\/independiente\/2016\/10\/15\/sin-ideas-2\/\">luego de la derrota por 2-0 ante Atl\u00e9tico Tucum\u00e1n<\/a> en el Libertadores de Am\u00e9rica.<\/strong><\/p>\n<p><strong>&#8220;Se inici\u00f3 muy mal el partido, recibimos un gol a los dos minutos y a partir de ah\u00ed no tuvimos la reacci\u00f3n que necesit\u00e1bamos&#8221;<\/strong>, dijo el entrenador. <strong>&#8220;No jugamos bien, no tuvimos el juego asociado que pretendemos. Sin circulaci\u00f3n, caemos en pelotas perdidas y estas en contragolpes que despu\u00e9s sufrimos. No esper\u00e1bamos irnos al descanso 1-0 abajo y con un hombre menos, se nos hizo muy cuesta arriba&#8221;<\/strong>, agreg\u00f3.<\/p>\n<p><strong>&#8220;Hay que seguir trabajando e insistiendo con una idea de juego, pero sobre todo debemos trabajar y revertir est\u00e1 situaci\u00f3n&#8221;<\/strong>, expres\u00f3. <strong>&#8220;Perdimos un partido que necesit\u00e1bamos ganar, el inicio de esta temporada fue inesperado y muy duro&#8221;<\/strong>, lament\u00f3.<\/p>\n<p><strong>&#8220;Hoy ten\u00edamos la necesidad de mostrar una reacci\u00f3n inmediata, pero perdimos una gran oportunidad. Debemos reponernos y dejar lo malo atr\u00e1s. Todos debemos analizar porqu\u00e9 motivo no podemos elevar nuestro nivel y tenemos que mejorar urgente&#8221;<\/strong>, cerr\u00f3.<\/p>\n<h3><span style=\"color: #ff0000;\">\u00a1MIR\u00c1 LA CONFERENCIA COMPLETA!<\/span><\/h3>\n<p><iframe loading=\"lazy\" style=\"border: none; overflow: hidden;\" src=\"https:\/\/www.facebook.com\/plugins\/video.php?href=https%3A%2F%2Fwww.facebook.com%2FLocoXelRojoWeb%2Fvideos%2F1275393352511966%2F&amp;show_text=0&amp;width=400\" width=\"400\" height=\"400\" frameborder=\"0\" scrolling=\"no\" allowfullscreen=\"allowfullscreen\"><\/iframe><\/p>\n","protected":false},"excerpt":{"rendered":"<p>Gabriel Milito habl\u00f3 en conferencia de prensa luego de la derrota por 2-0 ante Atl\u00e9tico Tucum\u00e1n en el Libertadores de Am\u00e9rica. &#8220;Se inici\u00f3 muy mal el partido, recibimos un gol a los dos minutos y a partir de ah\u00ed no tuvimos la reacci\u00f3n que necesit\u00e1bamos&#8221;, dijo el entrenador. &#8220;No jugamos bien, no tuvimos el juego [&hellip;]<\/p>\n","protected":false},"author":1,"featured_media":67595,"comment_status":"open","ping_status":"closed","sticky":false,"template":"","format":"standard","meta":{"_links_to":"","_links_to_target":""},"categories":[3247,3],"tags":[297,153,42,3243],"_links":{"self":[{"href":"https:\/\/www.locoxelrojo.com\/independiente\/wp-json\/wp\/v2\/posts\/67593"}],"collection":[{"href":"https:\/\/www.locoxelrojo.com\/independiente\/wp-json\/wp\/v2\/posts"}],"about":[{"href":"https:\/\/www.locoxelrojo.com\/independiente\/wp-json\/wp\/v2\/types\/post"}],"author":[{"embeddable":true,"href":"https:\/\/www.locoxelrojo.com\/independiente\/wp-json\/wp\/v2\/users\/1"}],"replies":[{"embeddable":true,"href":"https:\/\/www.locoxelrojo.com\/independiente\/wp-json\/wp\/v2\/comments?post=67593"}],"version-history":[{"count":0,"href":"https:\/\/www.locoxelrojo.com\/independiente\/wp-json\/wp\/v2\/posts\/67593\/revisions"}],"wp:featuredmedia":[{"embeddable":true,"href":"https:\/\/www.locoxelrojo.com\/independiente\/wp-json\/wp\/v2\/media\/67595"}],"wp:attachment":[{"href":"https:\/\/www.locoxelrojo.com\/independiente\/wp-json\/wp\/v2\/media?parent=67593"}],"wp:term":[{"taxonomy":"category","embeddable":true,"href":"https:\/\/www.locoxelrojo.com\/independiente\/wp-json\/wp\/v2\/categories?post=67593"},{"taxonomy":"post_tag","embeddable":true,"href":"https:\/\/www.locoxelrojo.com\/independiente\/wp-json\/wp\/v2\/tags?post=67593"}],"curies":[{"name":"wp","href":"https:\/\/api.w.org\/{rel}","templated":true}]}}