{"id":67619,"date":"2016-10-17T16:19:06","date_gmt":"2016-10-17T19:19:06","guid":{"rendered":"http:\/\/www.locoxelrojo.com\/independiente\/?p=67619"},"modified":"2016-10-17T16:19:06","modified_gmt":"2016-10-17T19:19:06","slug":"vuelta-en-silencio-y-con-trabajos-fisicos-se-vienen-cambios","status":"publish","type":"post","link":"https:\/\/www.locoxelrojo.com\/independiente\/2016\/10\/17\/vuelta-en-silencio-y-con-trabajos-fisicos-se-vienen-cambios\/","title":{"rendered":"Vuelta en silencio y con trabajos f\u00edsicos: \u00bfSe vienen cambios?"},"content":{"rendered":"<p><strong><a href=\"https:\/\/www.locoxelrojo.com\/independiente\/2016\/10\/15\/sin-ideas-2\/\">Luego de la dura derrota con Atl\u00e9tico Tucum\u00e1n<\/a> y el domingo libre, el plantel de Independiente regres\u00f3 a los entrenamientos en el predio de Villa Dom\u00ednico sin atenci\u00f3n a la prensa.<\/strong> Se hizo hincapi\u00e9 en el aspecto f\u00edsico y Gabriel Milito analiza cambios para ir a jugar con Temperley.<\/p>\n<p>En silencio y sin atenci\u00f3n a la prensa este lunes los jugadores regresaron al Complejo de Santo Domingo. <strong>Hubo ejercicios regenerativos, trabajos f\u00edsicos intermitentes y circuitos de potencia. Nicol\u00e1s Figal, <a href=\"https:\/\/www.locoxelrojo.com\/independiente\/2016\/10\/15\/solo-susto-figal\/\">quien hab\u00eda terminado con una molestia el encuentro del s\u00e1bado<\/a>, se movi\u00f3 a la par del grupo.<\/strong><\/p>\n<p>El partido con los tucumanos dej\u00f3 secuelas en el equipo. <strong>El rendimiento de varios jugadores fue muy bajo y en lo colectivo el equipo no termina de adoptar los conceptos de juego que pretende el entrenador.<\/strong><\/p>\n<p>Durante el transcurso de la semana Milito comenzar\u00e1 a dar pistas sobre el equipo que parar\u00e1 el s\u00e1bado con Temperley. <strong>Ya es un hecho que <a href=\"https:\/\/www.locoxelrojo.com\/independiente\/2016\/10\/15\/toledo-vio-la-roja\/\">no podr\u00e1 contar con Gustavo Toledo<\/a> y seguramente su reemplazante ser\u00e1 Dami\u00e1n Mart\u00ednez.<\/strong> En cuanto al resto, <strong>el t\u00e9cnico analiza meter alguna variante y no se descarta que haya un cambio de esquema y quede de lado su tradicional 4-3-3.<\/strong><\/p>\n","protected":false},"excerpt":{"rendered":"<p>Luego de la dura derrota con Atl\u00e9tico Tucum\u00e1n y el domingo libre, el plantel de Independiente regres\u00f3 a los entrenamientos en el predio de Villa Dom\u00ednico sin atenci\u00f3n a la prensa. Se hizo hincapi\u00e9 en el aspecto f\u00edsico y Gabriel Milito analiza cambios para ir a jugar con Temperley. En silencio y sin atenci\u00f3n a [&hellip;]<\/p>\n","protected":false},"author":1,"featured_media":67620,"comment_status":"open","ping_status":"closed","sticky":false,"template":"","format":"standard","meta":{"_links_to":"","_links_to_target":""},"categories":[3247,3],"tags":[951,26,42,2883,2625,172],"_links":{"self":[{"href":"https:\/\/www.locoxelrojo.com\/independiente\/wp-json\/wp\/v2\/posts\/67619"}],"collection":[{"href":"https:\/\/www.locoxelrojo.com\/independiente\/wp-json\/wp\/v2\/posts"}],"about":[{"href":"https:\/\/www.locoxelrojo.com\/independiente\/wp-json\/wp\/v2\/types\/post"}],"author":[{"embeddable":true,"href":"https:\/\/www.locoxelrojo.com\/independiente\/wp-json\/wp\/v2\/users\/1"}],"replies":[{"embeddable":true,"href":"https:\/\/www.locoxelrojo.com\/independiente\/wp-json\/wp\/v2\/comments?post=67619"}],"version-history":[{"count":0,"href":"https:\/\/www.locoxelrojo.com\/independiente\/wp-json\/wp\/v2\/posts\/67619\/revisions"}],"wp:featuredmedia":[{"embeddable":true,"href":"https:\/\/www.locoxelrojo.com\/independiente\/wp-json\/wp\/v2\/media\/67620"}],"wp:attachment":[{"href":"https:\/\/www.locoxelrojo.com\/independiente\/wp-json\/wp\/v2\/media?parent=67619"}],"wp:term":[{"taxonomy":"category","embeddable":true,"href":"https:\/\/www.locoxelrojo.com\/independiente\/wp-json\/wp\/v2\/categories?post=67619"},{"taxonomy":"post_tag","embeddable":true,"href":"https:\/\/www.locoxelrojo.com\/independiente\/wp-json\/wp\/v2\/tags?post=67619"}],"curies":[{"name":"wp","href":"https:\/\/api.w.org\/{rel}","templated":true}]}}