{"id":67621,"date":"2016-10-17T16:42:29","date_gmt":"2016-10-17T19:42:29","guid":{"rendered":"http:\/\/www.locoxelrojo.com\/independiente\/?p=67621"},"modified":"2016-10-17T16:42:29","modified_gmt":"2016-10-17T19:42:29","slug":"cristian-rodriguez-aclaro-los-rumores","status":"publish","type":"post","link":"https:\/\/www.locoxelrojo.com\/independiente\/2016\/10\/17\/cristian-rodriguez-aclaro-los-rumores\/","title":{"rendered":"Cristian Rodr\u00edguez aclar\u00f3 los rumores"},"content":{"rendered":"<p><strong>En las \u00faltimas horas hubo rumores sobre una pelea y discusi\u00f3n de Cristian Rodr\u00edguez con Gabriel Milito. El Cebolla, a trav\u00e9s de su cuenta de Twitter, se encarg\u00f3 de aclarar la situaci\u00f3n.<\/strong><\/p>\n<p><a href=\"https:\/\/www.locoxelrojo.com\/independiente\/2016\/10\/15\/sin-ideas-2\/\">Tras la dura derrota de Independiente ante Atl\u00e9tico Tucum\u00e1n<\/a>, donde <a href=\"https:\/\/www.locoxelrojo.com\/independiente\/2016\/10\/15\/un-tiempo-para-el-cebolla\/\">Rodr\u00edguez dej\u00f3 la cancha<\/a> en el entretiempo por decisi\u00f3n del entrenador, hubo rumores de todo tipo: <strong>discusi\u00f3n, pelea, rescisi\u00f3n de contrato, etc.<\/strong><\/p>\n<p>Ante este panorama, <strong>el uruguayo decidi\u00f3 cortar por lo sano y ponerle fin a los rumores con un comunicado en su cuenta de Twitter<\/strong>:<\/p>\n<blockquote class=\"twitter-tweet\" data-lang=\"es\">\n<p dir=\"ltr\" lang=\"es\">Ante falsas noticias veo necesario aclarar: <a href=\"https:\/\/t.co\/HjQIVlWSCX\">pic.twitter.com\/HjQIVlWSCX<\/a><\/p>\n<p>\u2014 Cristian Rodr\u00edguez (@Cebo_Rodriguez) <a href=\"https:\/\/twitter.com\/Cebo_Rodriguez\/status\/788065223915823104\">17 de octubre de 2016<\/a><\/p><\/blockquote>\n<p><script async src=\"\/\/platform.twitter.com\/widgets.js\" charset=\"utf-8\"><\/script><\/p>\n","protected":false},"excerpt":{"rendered":"<p>En las \u00faltimas horas hubo rumores sobre una pelea y discusi\u00f3n de Cristian Rodr\u00edguez con Gabriel Milito. El Cebolla, a trav\u00e9s de su cuenta de Twitter, se encarg\u00f3 de aclarar la situaci\u00f3n. Tras la dura derrota de Independiente ante Atl\u00e9tico Tucum\u00e1n, donde Rodr\u00edguez dej\u00f3 la cancha en el entretiempo por decisi\u00f3n del entrenador, hubo rumores [&hellip;]<\/p>\n","protected":false},"author":1,"featured_media":67622,"comment_status":"open","ping_status":"closed","sticky":false,"template":"","format":"standard","meta":{"_links_to":"","_links_to_target":""},"categories":[3247,3],"tags":[2986,2979,42],"_links":{"self":[{"href":"https:\/\/www.locoxelrojo.com\/independiente\/wp-json\/wp\/v2\/posts\/67621"}],"collection":[{"href":"https:\/\/www.locoxelrojo.com\/independiente\/wp-json\/wp\/v2\/posts"}],"about":[{"href":"https:\/\/www.locoxelrojo.com\/independiente\/wp-json\/wp\/v2\/types\/post"}],"author":[{"embeddable":true,"href":"https:\/\/www.locoxelrojo.com\/independiente\/wp-json\/wp\/v2\/users\/1"}],"replies":[{"embeddable":true,"href":"https:\/\/www.locoxelrojo.com\/independiente\/wp-json\/wp\/v2\/comments?post=67621"}],"version-history":[{"count":0,"href":"https:\/\/www.locoxelrojo.com\/independiente\/wp-json\/wp\/v2\/posts\/67621\/revisions"}],"wp:featuredmedia":[{"embeddable":true,"href":"https:\/\/www.locoxelrojo.com\/independiente\/wp-json\/wp\/v2\/media\/67622"}],"wp:attachment":[{"href":"https:\/\/www.locoxelrojo.com\/independiente\/wp-json\/wp\/v2\/media?parent=67621"}],"wp:term":[{"taxonomy":"category","embeddable":true,"href":"https:\/\/www.locoxelrojo.com\/independiente\/wp-json\/wp\/v2\/categories?post=67621"},{"taxonomy":"post_tag","embeddable":true,"href":"https:\/\/www.locoxelrojo.com\/independiente\/wp-json\/wp\/v2\/tags?post=67621"}],"curies":[{"name":"wp","href":"https:\/\/api.w.org\/{rel}","templated":true}]}}