{"id":67649,"date":"2016-10-21T13:09:16","date_gmt":"2016-10-21T16:09:16","guid":{"rendered":"http:\/\/www.locoxelrojo.com\/independiente\/?p=67649"},"modified":"2016-10-21T13:09:16","modified_gmt":"2016-10-21T16:09:16","slug":"dos-la-seleccion-sub-20","status":"publish","type":"post","link":"https:\/\/www.locoxelrojo.com\/independiente\/2016\/10\/21\/dos-la-seleccion-sub-20\/","title":{"rendered":"Dos, a la Selecci\u00f3n Sub 20"},"content":{"rendered":"<p>El entrenador del seleccionado argentino Sub 20, Claudio \u00dabeda, entreg\u00f3 una\u00a0lista de 31 jugadores que comenzar\u00e1n a trabajar el pr\u00f3ximo lunes en Ezeiza. Dos de ellos pertenecen a Independiente: <strong>Juan Di Lorenzo y Gast\u00f3n Togni<\/strong>.<\/p>\n<p>El ex t\u00e9cnico\u00a0de Racing comenzar\u00e1 su ciclo en la selecci\u00f3n juvenil la semana que viene. Para ello, convoc\u00f3 a 31 futbolistas que se preparar\u00e1n para el <strong>Sudamericano Sub 20 de Ecuador, que se disputar\u00e1 entre el 13 de enero y el 5 de febrero de 2017.<\/strong><\/p>\n<p><strong>Dicha comepetici\u00f3n entregar\u00e1 cuatro plazas para el Mundial<\/strong>\u00a0<strong>de esa categor\u00eda a disputarse en Corea del Sur.<\/strong> Dentro de los convocados\u00a0hay\u00a0dos de la Reserva del Rojo:\u00a0el defensor Di Lorenzo y el delantero\u00a0Togni.<\/p>\n<p><a href=\"https:\/\/www.locoxelrojo.com\/independiente\/wp-content\/uploads\/2016\/10\/CvPecRPXgAAyrDa-600x337.jpg\"><img loading=\"lazy\" class=\"size-full  aligncenter\" src=\"https:\/\/www.locoxelrojo.com\/independiente\/wp-content\/uploads\/2016\/10\/CvPecRPXgAAyrDa-600x337.jpg\" alt=\"cvpecrpxgaayrda-600x337\" width=\"600\" height=\"337\" \/><\/a><\/p>\n","protected":false},"excerpt":{"rendered":"<p>El entrenador del seleccionado argentino Sub 20, Claudio \u00dabeda, entreg\u00f3 una\u00a0lista de 31 jugadores que comenzar\u00e1n a trabajar el pr\u00f3ximo lunes en Ezeiza. Dos de ellos pertenecen a Independiente: Juan Di Lorenzo y Gast\u00f3n Togni. El ex t\u00e9cnico\u00a0de Racing comenzar\u00e1 su ciclo en la selecci\u00f3n juvenil la semana que viene. Para ello, convoc\u00f3 a 31 [&hellip;]<\/p>\n","protected":false},"author":19,"featured_media":67651,"comment_status":"open","ping_status":"closed","sticky":false,"template":"","format":"standard","meta":{"_links_to":"","_links_to_target":""},"categories":[3280,3247],"tags":[3166,3180,226],"_links":{"self":[{"href":"https:\/\/www.locoxelrojo.com\/independiente\/wp-json\/wp\/v2\/posts\/67649"}],"collection":[{"href":"https:\/\/www.locoxelrojo.com\/independiente\/wp-json\/wp\/v2\/posts"}],"about":[{"href":"https:\/\/www.locoxelrojo.com\/independiente\/wp-json\/wp\/v2\/types\/post"}],"author":[{"embeddable":true,"href":"https:\/\/www.locoxelrojo.com\/independiente\/wp-json\/wp\/v2\/users\/19"}],"replies":[{"embeddable":true,"href":"https:\/\/www.locoxelrojo.com\/independiente\/wp-json\/wp\/v2\/comments?post=67649"}],"version-history":[{"count":0,"href":"https:\/\/www.locoxelrojo.com\/independiente\/wp-json\/wp\/v2\/posts\/67649\/revisions"}],"wp:featuredmedia":[{"embeddable":true,"href":"https:\/\/www.locoxelrojo.com\/independiente\/wp-json\/wp\/v2\/media\/67651"}],"wp:attachment":[{"href":"https:\/\/www.locoxelrojo.com\/independiente\/wp-json\/wp\/v2\/media?parent=67649"}],"wp:term":[{"taxonomy":"category","embeddable":true,"href":"https:\/\/www.locoxelrojo.com\/independiente\/wp-json\/wp\/v2\/categories?post=67649"},{"taxonomy":"post_tag","embeddable":true,"href":"https:\/\/www.locoxelrojo.com\/independiente\/wp-json\/wp\/v2\/tags?post=67649"}],"curies":[{"name":"wp","href":"https:\/\/api.w.org\/{rel}","templated":true}]}}