{"id":67694,"date":"2016-10-23T14:30:58","date_gmt":"2016-10-23T17:30:58","guid":{"rendered":"http:\/\/www.locoxelrojo.com\/independiente\/?p=67694"},"modified":"2016-10-23T21:01:10","modified_gmt":"2016-10-24T00:01:10","slug":"los-pibes-se-despertaron","status":"publish","type":"post","link":"https:\/\/www.locoxelrojo.com\/independiente\/2016\/10\/23\/los-pibes-se-despertaron\/","title":{"rendered":"Los pibes se despertaron"},"content":{"rendered":"<p><strong>Las Divisiones Inferiores de Independiente enfrentaron a Atl\u00e9tico de Rafaela por la 19\u00ba fecha\u00a0de\u00a0la Copa\u00a0Campeonato 2016<\/strong>. Los menores fueron locales en Villa Dom\u00ednico, mientras que los mayores viajaron a Santa Fe.<\/p>\n<p>Tras dos jornadas para el olvido ante Estudiantes y Arsenal, los pibes del Rojo <strong>se midieron ante el antepen\u00faltimo de la tabla<\/strong> y aprovecharon la debilidad del rival para levantar cabeza.\u00a0El saldo fue bastante positivo: <strong>11 puntos de 18 posibles<\/strong>, producto de <strong>3 victorias<\/strong> (cuarta, sexta y novena),<strong> 2 empates<\/strong> (s\u00e9ptima y octava)\u00a0<strong>y 1 derrota<\/strong> (quinta).<\/p>\n<p><strong>Independiente se ubica 13\u00ba en la tabla general de la Copa Campeonato con 134 puntos, a 77 del l\u00edder Rosario Central<\/strong>, que suma 211 y ya es inalcanzable para el Rojo. <strong>En la pr\u00f3xima fecha chocar\u00e1n nada menos que con V\u00e9lez, escolta con 208<\/strong>.<\/p>\n<p><span style=\"text-decoration: underline;\"><strong>Todos los resultados de la fecha\u00a019<\/strong><\/span><\/p>\n<p><strong>Cuarta Divisi\u00f3n<\/strong><br \/>\nAtl\u00e9tico de Rafaela 1 &#8211; 2 Independiente<\/p>\n<p><strong>Quinta Divisi\u00f3n<br \/>\n<\/strong>Atl\u00e9tico de Rafaela 4 &#8211; 2 Independiente<\/p>\n<p><strong>Sexta Divisi\u00f3n<br \/>\n<\/strong>Atl\u00e9tico de Rafaela 0 &#8211; 1 Independiente<\/p>\n<p><strong>S\u00e9ptima Divisi\u00f3n<br \/>\n<\/strong>Independiente 0 &#8211; 0 Atl\u00e9tico de Rafaela<\/p>\n<p><strong>Octava Divisi\u00f3n<br \/>\n<\/strong>Independiente 1 &#8211; 1 Atl\u00e9tico de Rafaela<\/p>\n<p><strong>Novena Divisi\u00f3n<\/strong><br \/>\nIndependiente 1 &#8211; 0 Atl\u00e9tico de Rafaela<\/p>\n<p><span style=\"color: #808080;\"><em><strong>Foto: Inferiores Rojas<\/strong><\/em><\/span><\/p>\n","protected":false},"excerpt":{"rendered":"<p>Las Divisiones Inferiores de Independiente enfrentaron a Atl\u00e9tico de Rafaela por la 19\u00ba fecha\u00a0de\u00a0la Copa\u00a0Campeonato 2016. Los menores fueron locales en Villa Dom\u00ednico, mientras que los mayores viajaron a Santa Fe. Tras dos jornadas para el olvido ante Estudiantes y Arsenal, los pibes del Rojo se midieron ante el antepen\u00faltimo de la tabla y aprovecharon [&hellip;]<\/p>\n","protected":false},"author":8,"featured_media":67695,"comment_status":"open","ping_status":"closed","sticky":false,"template":"","format":"standard","meta":{"_links_to":"","_links_to_target":""},"categories":[3247,5],"tags":[912,153,3182,194,3265],"_links":{"self":[{"href":"https:\/\/www.locoxelrojo.com\/independiente\/wp-json\/wp\/v2\/posts\/67694"}],"collection":[{"href":"https:\/\/www.locoxelrojo.com\/independiente\/wp-json\/wp\/v2\/posts"}],"about":[{"href":"https:\/\/www.locoxelrojo.com\/independiente\/wp-json\/wp\/v2\/types\/post"}],"author":[{"embeddable":true,"href":"https:\/\/www.locoxelrojo.com\/independiente\/wp-json\/wp\/v2\/users\/8"}],"replies":[{"embeddable":true,"href":"https:\/\/www.locoxelrojo.com\/independiente\/wp-json\/wp\/v2\/comments?post=67694"}],"version-history":[{"count":0,"href":"https:\/\/www.locoxelrojo.com\/independiente\/wp-json\/wp\/v2\/posts\/67694\/revisions"}],"wp:featuredmedia":[{"embeddable":true,"href":"https:\/\/www.locoxelrojo.com\/independiente\/wp-json\/wp\/v2\/media\/67695"}],"wp:attachment":[{"href":"https:\/\/www.locoxelrojo.com\/independiente\/wp-json\/wp\/v2\/media?parent=67694"}],"wp:term":[{"taxonomy":"category","embeddable":true,"href":"https:\/\/www.locoxelrojo.com\/independiente\/wp-json\/wp\/v2\/categories?post=67694"},{"taxonomy":"post_tag","embeddable":true,"href":"https:\/\/www.locoxelrojo.com\/independiente\/wp-json\/wp\/v2\/tags?post=67694"}],"curies":[{"name":"wp","href":"https:\/\/api.w.org\/{rel}","templated":true}]}}