{"id":67731,"date":"2016-10-27T02:17:36","date_gmt":"2016-10-27T05:17:36","guid":{"rendered":"http:\/\/www.locoxelrojo.com\/independiente\/?p=67731"},"modified":"2016-10-27T02:17:36","modified_gmt":"2016-10-27T05:17:36","slug":"los-chicos-la-pension-homenajearon-barco","status":"publish","type":"post","link":"https:\/\/www.locoxelrojo.com\/independiente\/2016\/10\/27\/los-chicos-la-pension-homenajearon-barco\/","title":{"rendered":"Los chicos de la pensi\u00f3n homenajearon a Barco"},"content":{"rendered":"<p>Luego de su repentina\u00a0aparici\u00f3n en el plantel profesional y su posterior debut en Primera Divisi\u00f3n, <strong>los propios chicos de la pensi\u00f3n de Independiente le organizaron\u00a0a Ezequiel Barco una cena de reconocimiento.<\/strong><\/p>\n<p>All\u00ed, <strong>celebraron su nueva etapa como profesional<\/strong> y sus compa\u00f1eros de pensi\u00f3n <strong>le hicieron una despedida luego de convivir juntos durante dos a\u00f1os.<\/strong><\/p>\n<blockquote class=\"twitter-tweet\" data-lang=\"es\">\n<p dir=\"ltr\" lang=\"es\">En estos momentos los chicos de la pensi\u00f3n de <a href=\"https:\/\/twitter.com\/hashtag\/Independiente?src=hash\">#Independiente<\/a> le est\u00e1n haciendo una cena homenaje a Ezequiel Barco en <a href=\"https:\/\/twitter.com\/HollyGoodBA\">@HollyGoodBA<\/a> <a href=\"https:\/\/t.co\/GXbcfcIeBw\">pic.twitter.com\/GXbcfcIeBw<\/a><\/p>\n<p>\u2014 Independiente (LXR) (@locoxelrojoweb) <a href=\"https:\/\/twitter.com\/locoxelrojoweb\/status\/791444649416220672\">27 de octubre de 2016<\/a><\/p><\/blockquote>\n<p><script async src=\"\/\/platform.twitter.com\/widgets.js\" charset=\"utf-8\"><\/script><\/p>\n<p>En el evento que se llev\u00f3 a cabo en Hollygood, un bar porte\u00f1o, asistieron <strong>Emiliano Rigoni, Mart\u00edn Ben\u00edtez, Nicol\u00e1s Figal, Jorge Ort\u00edz, Hern\u00e1n Pellerano<\/strong>, miembros de la Comisi\u00f3n Directiva\u00a0y docentes que acompa\u00f1aron al Turri durante su formaci\u00f3n profesional.<\/p>\n<blockquote class=\"twitter-tweet\" data-lang=\"es\">\n<p dir=\"ltr\" lang=\"es\">En la cena homenaje de la pensi\u00f3n de <a href=\"https:\/\/twitter.com\/hashtag\/Independiente?src=hash\">#Independiente<\/a> a Barco se encuentran: M. Ben\u00edtez, E. Rigoni, J. Ort\u00edz, N. Figal y H. Pellerano. <a href=\"https:\/\/t.co\/qKUfjIZ76W\">pic.twitter.com\/qKUfjIZ76W<\/a><\/p>\n<p>\u2014 Independiente (LXR) (@locoxelrojoweb) <a href=\"https:\/\/twitter.com\/locoxelrojoweb\/status\/791445659253612545\">27 de octubre de 2016<\/a><\/p><\/blockquote>\n<p><script async src=\"\/\/platform.twitter.com\/widgets.js\" charset=\"utf-8\"><\/script><\/p>\n<p>Barco debut\u00f3 en la m\u00e1xima categor\u00eda del Rojo en la derrota 1-0 ante Defensa y Justicia por Copa Argentina. En total, <strong>el volante de 17 a\u00f1os suma 12 partidos -3 de titular- y un gol a Godoy Cruz.<\/strong><\/p>\n<p><iframe loading=\"lazy\" src=\"https:\/\/www.youtube.com\/embed\/ryMSGV7kkHI\" width=\"560\" height=\"315\" frameborder=\"0\" allowfullscreen=\"allowfullscreen\"><\/iframe><\/p>\n","protected":false},"excerpt":{"rendered":"<p>Luego de su repentina\u00a0aparici\u00f3n en el plantel profesional y su posterior debut en Primera Divisi\u00f3n, los propios chicos de la pensi\u00f3n de Independiente le organizaron\u00a0a Ezequiel Barco una cena de reconocimiento. All\u00ed, celebraron su nueva etapa como profesional y sus compa\u00f1eros de pensi\u00f3n le hicieron una despedida luego de convivir juntos durante dos a\u00f1os. En [&hellip;]<\/p>\n","protected":false},"author":19,"featured_media":67733,"comment_status":"open","ping_status":"closed","sticky":false,"template":"","format":"standard","meta":{"_links_to":"","_links_to_target":""},"categories":[3280,3247],"tags":[3215],"_links":{"self":[{"href":"https:\/\/www.locoxelrojo.com\/independiente\/wp-json\/wp\/v2\/posts\/67731"}],"collection":[{"href":"https:\/\/www.locoxelrojo.com\/independiente\/wp-json\/wp\/v2\/posts"}],"about":[{"href":"https:\/\/www.locoxelrojo.com\/independiente\/wp-json\/wp\/v2\/types\/post"}],"author":[{"embeddable":true,"href":"https:\/\/www.locoxelrojo.com\/independiente\/wp-json\/wp\/v2\/users\/19"}],"replies":[{"embeddable":true,"href":"https:\/\/www.locoxelrojo.com\/independiente\/wp-json\/wp\/v2\/comments?post=67731"}],"version-history":[{"count":0,"href":"https:\/\/www.locoxelrojo.com\/independiente\/wp-json\/wp\/v2\/posts\/67731\/revisions"}],"wp:featuredmedia":[{"embeddable":true,"href":"https:\/\/www.locoxelrojo.com\/independiente\/wp-json\/wp\/v2\/media\/67733"}],"wp:attachment":[{"href":"https:\/\/www.locoxelrojo.com\/independiente\/wp-json\/wp\/v2\/media?parent=67731"}],"wp:term":[{"taxonomy":"category","embeddable":true,"href":"https:\/\/www.locoxelrojo.com\/independiente\/wp-json\/wp\/v2\/categories?post=67731"},{"taxonomy":"post_tag","embeddable":true,"href":"https:\/\/www.locoxelrojo.com\/independiente\/wp-json\/wp\/v2\/tags?post=67731"}],"curies":[{"name":"wp","href":"https:\/\/api.w.org\/{rel}","templated":true}]}}