{"id":67795,"date":"2016-11-01T14:27:53","date_gmt":"2016-11-01T17:27:53","guid":{"rendered":"http:\/\/www.locoxelrojo.com\/independiente\/?p=67795"},"modified":"2016-11-01T14:27:53","modified_gmt":"2016-11-01T17:27:53","slug":"denis-no-estamos-la-altura-lo-pretende-milito","status":"publish","type":"post","link":"https:\/\/www.locoxelrojo.com\/independiente\/2016\/11\/01\/denis-no-estamos-la-altura-lo-pretende-milito\/","title":{"rendered":"Denis: &#8220;No estamos a la altura de lo que pretende Milito&#8221;"},"content":{"rendered":"<p><strong>Germ\u00e1n Denis<\/strong> dialog\u00f3 con la prensa una vez finalizado el\u00a0entrenamiento de este martes. El Tanque se refiri\u00f3 al empate sin goles contra Gimnasia\u00a0y confes\u00f3 que mejoraron mucho aunque todav\u00eda tienen una cuenta pendiente. <strong>&#8220;Nos falta estar m\u00e1s finos en los metros finales&#8221;<\/strong>, sostuvo.<\/p>\n<p><strong>&#8220;Tras el partido contra Temperley y el \u00faltimo, tuvimos una mejora notable. Ante Gimnasia hicimos un gran partido, donde ellos no nos crearon situaciones, recuperamos los 90 minutos en su campo y tuvimos situaciones claras&#8221;<\/strong>, comenz\u00f3 Denis en rueda de prensa.<\/p>\n<p>En ese sentido, el delantero agreg\u00f3: <strong>&#8220;No ligamos, nos falt\u00f3 el gol. A m\u00ed me falt\u00f3 estar m\u00e1s fino en los \u00faltimos metros, pero se crearon situaciones que antes no hab\u00eda. No estamos ligando, ni tenemos la suerte de abrir el marcador r\u00e1pidamente&#8221;<\/strong>.<\/p>\n<p>Continuando con la autocr\u00edtica, el Tanque consider\u00f3: <strong>&#8220;No estamos a la altura de lo que plantea Gabriel Milito pero estamos mejorando much\u00edsimo&#8221;<\/strong>. Y para el final, se refiri\u00f3 a su salida del equipo en el segundo tiempo\u00a0y el ingreso de\u00a0Ezequiel Barco.\u00a0<strong>&#8220;Seguramente el entrenador not\u00f3 que necesit\u00e1bamos profundizar en ataque por adentro y lo meti\u00f3 porque es desequilibrante. La idea era llegar m\u00e1s limpio al \u00e1rea&#8221;<\/strong>, concluy\u00f3.<\/p>\n","protected":false},"excerpt":{"rendered":"<p>Germ\u00e1n Denis dialog\u00f3 con la prensa una vez finalizado el\u00a0entrenamiento de este martes. El Tanque se refiri\u00f3 al empate sin goles contra Gimnasia\u00a0y confes\u00f3 que mejoraron mucho aunque todav\u00eda tienen una cuenta pendiente. &#8220;Nos falta estar m\u00e1s finos en los metros finales&#8221;, sostuvo. &#8220;Tras el partido contra Temperley y el \u00faltimo, tuvimos una mejora notable. [&hellip;]<\/p>\n","protected":false},"author":19,"featured_media":67796,"comment_status":"open","ping_status":"closed","sticky":false,"template":"","format":"standard","meta":{"_links_to":"","_links_to_target":""},"categories":[3247,3],"tags":[397],"_links":{"self":[{"href":"https:\/\/www.locoxelrojo.com\/independiente\/wp-json\/wp\/v2\/posts\/67795"}],"collection":[{"href":"https:\/\/www.locoxelrojo.com\/independiente\/wp-json\/wp\/v2\/posts"}],"about":[{"href":"https:\/\/www.locoxelrojo.com\/independiente\/wp-json\/wp\/v2\/types\/post"}],"author":[{"embeddable":true,"href":"https:\/\/www.locoxelrojo.com\/independiente\/wp-json\/wp\/v2\/users\/19"}],"replies":[{"embeddable":true,"href":"https:\/\/www.locoxelrojo.com\/independiente\/wp-json\/wp\/v2\/comments?post=67795"}],"version-history":[{"count":0,"href":"https:\/\/www.locoxelrojo.com\/independiente\/wp-json\/wp\/v2\/posts\/67795\/revisions"}],"wp:featuredmedia":[{"embeddable":true,"href":"https:\/\/www.locoxelrojo.com\/independiente\/wp-json\/wp\/v2\/media\/67796"}],"wp:attachment":[{"href":"https:\/\/www.locoxelrojo.com\/independiente\/wp-json\/wp\/v2\/media?parent=67795"}],"wp:term":[{"taxonomy":"category","embeddable":true,"href":"https:\/\/www.locoxelrojo.com\/independiente\/wp-json\/wp\/v2\/categories?post=67795"},{"taxonomy":"post_tag","embeddable":true,"href":"https:\/\/www.locoxelrojo.com\/independiente\/wp-json\/wp\/v2\/tags?post=67795"}],"curies":[{"name":"wp","href":"https:\/\/api.w.org\/{rel}","templated":true}]}}