{"id":67810,"date":"2016-11-03T15:21:58","date_gmt":"2016-11-03T18:21:58","guid":{"rendered":"http:\/\/www.locoxelrojo.com\/independiente\/?p=67810"},"modified":"2016-11-03T16:35:26","modified_gmt":"2016-11-03T19:35:26","slug":"va-armando-equipo","status":"publish","type":"post","link":"https:\/\/www.locoxelrojo.com\/independiente\/2016\/11\/03\/va-armando-equipo\/","title":{"rendered":"Va armando el equipo"},"content":{"rendered":"<p>Este jueves Gabriel Milito realiz\u00f3 una pr\u00e1ctica de f\u00fatbol pensando en Rosario Central.<strong> El t\u00e9cnico de Independiente cambi\u00f3 nombres y esquema: cuatro en el fondo, con Jorge Ort\u00edz y Juan S\u00e1nchez Mi\u00f1o, por Cristian Rodr\u00edguez y Germ\u00e1n Denis.<\/strong><\/p>\n<p>Pensando en el Canalla, rival del pr\u00f3ximo domingo en Rosario, <strong>el Mariscal arm\u00f3 un ensayo formal de f\u00fatbol esta ma\u00f1ana en el Libertadores de Am\u00e9rica frente a los suplentes<\/strong> (se sum\u00f3 un combinado de Reserva). All\u00ed Milito pate\u00f3 el tablero y modific\u00f3 el esquema: <strong>volvi\u00f3 al 4-2-3-1<\/strong> y dej\u00f3 atr\u00e1s la l\u00ednea de tres que utiliz\u00f3 en los \u00faltimos encuentros.<\/p>\n<p><strong>S\u00e1nchez Mi\u00f1o ocup\u00f3 el lugar del Cebolla Rodr\u00edguez<\/strong>, <a href=\"https:\/\/www.locoxelrojo.com\/independiente\/2016\/11\/03\/distension-cebolla-rodriguez\/\">quien est\u00e1 descartado<\/a>. Por su parte, <strong>el Tanque Denis dej\u00f3 el equipo y en su lugar ingres\u00f3 el Marciano Ort\u00edz, para formar el doble cinco en la mitad de la cancha junto a Diego Rodr\u00edguez<\/strong>.<\/p>\n<p>De esta manera, el once de hoy fue: <strong>Mart\u00edn Campa\u00f1a; Nicol\u00e1s Figal, Hern\u00e1n Pellerano, V\u00edctor Cuesta, Nicol\u00e1s Tagliafico; Ort\u00edz, Rodr\u00edguez; Emiliano Rigoni, Maximiliano Meza, S\u00e1nchez Mi\u00f1o y Diego Vera.<\/strong><\/p>\n<p><strong>Denis jug\u00f3 para los suplentes y marc\u00f3 dos goles.<\/strong> Y <a href=\"https:\/\/www.locoxelrojo.com\/independiente\/2016\/11\/03\/otra-mala-noticia-albertengo\/\">la mala noticia del d\u00eda la dio Lucas Albertengo<\/a>. <strong>El delantero no pudo finalizar la pr\u00e1ctica y se retir\u00f3 con una molestia en el posterior derecho.<\/strong> Le har\u00e1n estudios para saber la gravedad de la lesi\u00f3n.<\/p>\n","protected":false},"excerpt":{"rendered":"<p>Este jueves Gabriel Milito realiz\u00f3 una pr\u00e1ctica de f\u00fatbol pensando en Rosario Central. El t\u00e9cnico de Independiente cambi\u00f3 nombres y esquema: cuatro en el fondo, con Jorge Ort\u00edz y Juan S\u00e1nchez Mi\u00f1o, por Cristian Rodr\u00edguez y Germ\u00e1n Denis. Pensando en el Canalla, rival del pr\u00f3ximo domingo en Rosario, el Mariscal arm\u00f3 un ensayo formal de [&hellip;]<\/p>\n","protected":false},"author":1,"featured_media":67812,"comment_status":"open","ping_status":"closed","sticky":false,"template":"","format":"standard","meta":{"_links_to":"","_links_to_target":""},"categories":[3247,3],"tags":[2986,2979,26,247,42,397,2969,3190],"_links":{"self":[{"href":"https:\/\/www.locoxelrojo.com\/independiente\/wp-json\/wp\/v2\/posts\/67810"}],"collection":[{"href":"https:\/\/www.locoxelrojo.com\/independiente\/wp-json\/wp\/v2\/posts"}],"about":[{"href":"https:\/\/www.locoxelrojo.com\/independiente\/wp-json\/wp\/v2\/types\/post"}],"author":[{"embeddable":true,"href":"https:\/\/www.locoxelrojo.com\/independiente\/wp-json\/wp\/v2\/users\/1"}],"replies":[{"embeddable":true,"href":"https:\/\/www.locoxelrojo.com\/independiente\/wp-json\/wp\/v2\/comments?post=67810"}],"version-history":[{"count":0,"href":"https:\/\/www.locoxelrojo.com\/independiente\/wp-json\/wp\/v2\/posts\/67810\/revisions"}],"wp:featuredmedia":[{"embeddable":true,"href":"https:\/\/www.locoxelrojo.com\/independiente\/wp-json\/wp\/v2\/media\/67812"}],"wp:attachment":[{"href":"https:\/\/www.locoxelrojo.com\/independiente\/wp-json\/wp\/v2\/media?parent=67810"}],"wp:term":[{"taxonomy":"category","embeddable":true,"href":"https:\/\/www.locoxelrojo.com\/independiente\/wp-json\/wp\/v2\/categories?post=67810"},{"taxonomy":"post_tag","embeddable":true,"href":"https:\/\/www.locoxelrojo.com\/independiente\/wp-json\/wp\/v2\/tags?post=67810"}],"curies":[{"name":"wp","href":"https:\/\/api.w.org\/{rel}","templated":true}]}}