{"id":67813,"date":"2016-11-03T15:41:30","date_gmt":"2016-11-03T18:41:30","guid":{"rendered":"http:\/\/www.locoxelrojo.com\/independiente\/?p=67813"},"modified":"2016-11-03T15:41:30","modified_gmt":"2016-11-03T18:41:30","slug":"otra-mala-noticia-albertengo","status":"publish","type":"post","link":"https:\/\/www.locoxelrojo.com\/independiente\/2016\/11\/03\/otra-mala-noticia-albertengo\/","title":{"rendered":"Otra mala noticia para Albertengo"},"content":{"rendered":"<p><strong>Lucas Albertengo no pudo completar la pr\u00e1ctica de este jueves por una molestia en el posterior derecho.<\/strong> Al delantero le har\u00e1n estudios en las pr\u00f3ximas horas para saber la gravedad de la lesi\u00f3n.<\/p>\n<p>Albertengo no da pie con bola en Independiente. D\u00edas atr\u00e1s se hab\u00eda recuperado favorablemente <a href=\"https:\/\/www.locoxelrojo.com\/independiente\/2016\/10\/05\/se-confirmo-desgarro-albertengo\/\">del desgarro en el isquiotibial derecho<\/a> que sufri\u00f3 en el partido de Reserva ante Sarmiento.<strong> El \u00faltimo fin de semana <a href=\"https:\/\/www.locoxelrojo.com\/independiente\/2016\/10\/30\/triunfo-punta-la-reserva\/\">jug\u00f3 los 90 minutos del partido de Reserva con Gimnasia<\/a><\/strong> para comenzar a agarrar ritmo y volver a estar en consideraci\u00f3n de Gabriel Milito. De hecho, <a href=\"https:\/\/www.locoxelrojo.com\/independiente\/2016\/10\/31\/volvieron-tras-empate\/\">arranc\u00f3 la semana trabajando a la par de sus compa\u00f1eros<\/a>, pero esta ma\u00f1ana la alarma se encendi\u00f3 de nuevo.<\/p>\n<p>Durante <a href=\"https:\/\/www.locoxelrojo.com\/independiente\/2016\/11\/03\/va-armando-equipo\/\">el ensayo formar del f\u00fatbol en el Libertadores de Am\u00e9rica<\/a>, el ex Rafaela sinti\u00f3 una molestia en el posterior derecho y no pudo completar la pr\u00e1ctica. <strong>En las pr\u00f3ximas horas le har\u00e1n los estudios correspondientes para comprobar la gravedad de la lesi\u00f3n.<\/strong><\/p>\n","protected":false},"excerpt":{"rendered":"<p>Lucas Albertengo no pudo completar la pr\u00e1ctica de este jueves por una molestia en el posterior derecho. Al delantero le har\u00e1n estudios en las pr\u00f3ximas horas para saber la gravedad de la lesi\u00f3n. Albertengo no da pie con bola en Independiente. D\u00edas atr\u00e1s se hab\u00eda recuperado favorablemente del desgarro en el isquiotibial derecho que sufri\u00f3 [&hellip;]<\/p>\n","protected":false},"author":1,"featured_media":67814,"comment_status":"open","ping_status":"closed","sticky":false,"template":"","format":"standard","meta":{"_links_to":"","_links_to_target":""},"categories":[3247,3],"tags":[2839],"_links":{"self":[{"href":"https:\/\/www.locoxelrojo.com\/independiente\/wp-json\/wp\/v2\/posts\/67813"}],"collection":[{"href":"https:\/\/www.locoxelrojo.com\/independiente\/wp-json\/wp\/v2\/posts"}],"about":[{"href":"https:\/\/www.locoxelrojo.com\/independiente\/wp-json\/wp\/v2\/types\/post"}],"author":[{"embeddable":true,"href":"https:\/\/www.locoxelrojo.com\/independiente\/wp-json\/wp\/v2\/users\/1"}],"replies":[{"embeddable":true,"href":"https:\/\/www.locoxelrojo.com\/independiente\/wp-json\/wp\/v2\/comments?post=67813"}],"version-history":[{"count":0,"href":"https:\/\/www.locoxelrojo.com\/independiente\/wp-json\/wp\/v2\/posts\/67813\/revisions"}],"wp:featuredmedia":[{"embeddable":true,"href":"https:\/\/www.locoxelrojo.com\/independiente\/wp-json\/wp\/v2\/media\/67814"}],"wp:attachment":[{"href":"https:\/\/www.locoxelrojo.com\/independiente\/wp-json\/wp\/v2\/media?parent=67813"}],"wp:term":[{"taxonomy":"category","embeddable":true,"href":"https:\/\/www.locoxelrojo.com\/independiente\/wp-json\/wp\/v2\/categories?post=67813"},{"taxonomy":"post_tag","embeddable":true,"href":"https:\/\/www.locoxelrojo.com\/independiente\/wp-json\/wp\/v2\/tags?post=67813"}],"curies":[{"name":"wp","href":"https:\/\/api.w.org\/{rel}","templated":true}]}}