{"id":67819,"date":"2016-11-03T21:30:36","date_gmt":"2016-11-04T00:30:36","guid":{"rendered":"http:\/\/www.locoxelrojo.com\/independiente\/?p=67819"},"modified":"2016-11-03T22:02:23","modified_gmt":"2016-11-04T01:02:23","slug":"barco-la-seleccion","status":"publish","type":"post","link":"https:\/\/www.locoxelrojo.com\/independiente\/2016\/11\/03\/barco-la-seleccion\/","title":{"rendered":"Para Barco, la Selecci\u00f3n"},"content":{"rendered":"<p><strong>Ezequiel Barco fue convocado a\u00a0la Selecci\u00f3n Argentina Sub 20. Es el \u00fanico jugador de Independiente citado por Claudio \u00dabeda.<\/strong><\/p>\n<p>Con s\u00f3lo 17 a\u00f1os, <strong>hace tiempo que es una de las figuras del equipo de Gabriel Milito<\/strong>, y su gran momento no pas\u00f3 desapercibido. Este jueves lleg\u00f3 el premio para el juvenil:\u00a0<strong>un llamado para trabajar con el Seleccionado Sub 20<\/strong> de \u00dabeda, flamante DT.<\/p>\n<p>Despu\u00e9s de\u00a0visitar a\u00a0Rosario Central, <strong>Barco comenzar\u00e1 a entrenarse\u00a0con el plantel\u00a0Albiceleste desde el lunes y hasta el jueves en el predio de Ezeiza<\/strong>, donde participar\u00e1 de dos amistosos ante Excursionistas y Tigre. Ser\u00e1n\u00a0los primeros ensayos de cara al <strong>Sudamericano de Ecuador que comenzar\u00e1 el 13 de\u00a0enero<\/strong>.<\/p>\n","protected":false},"excerpt":{"rendered":"<p>Ezequiel Barco fue convocado a\u00a0la Selecci\u00f3n Argentina Sub 20. Es el \u00fanico jugador de Independiente citado por Claudio \u00dabeda. Con s\u00f3lo 17 a\u00f1os, hace tiempo que es una de las figuras del equipo de Gabriel Milito, y su gran momento no pas\u00f3 desapercibido. Este jueves lleg\u00f3 el premio para el juvenil:\u00a0un llamado para trabajar con [&hellip;]<\/p>\n","protected":false},"author":8,"featured_media":67036,"comment_status":"open","ping_status":"closed","sticky":false,"template":"","format":"standard","meta":{"_links_to":"","_links_to_target":""},"categories":[3247,3],"tags":[3215,226],"_links":{"self":[{"href":"https:\/\/www.locoxelrojo.com\/independiente\/wp-json\/wp\/v2\/posts\/67819"}],"collection":[{"href":"https:\/\/www.locoxelrojo.com\/independiente\/wp-json\/wp\/v2\/posts"}],"about":[{"href":"https:\/\/www.locoxelrojo.com\/independiente\/wp-json\/wp\/v2\/types\/post"}],"author":[{"embeddable":true,"href":"https:\/\/www.locoxelrojo.com\/independiente\/wp-json\/wp\/v2\/users\/8"}],"replies":[{"embeddable":true,"href":"https:\/\/www.locoxelrojo.com\/independiente\/wp-json\/wp\/v2\/comments?post=67819"}],"version-history":[{"count":0,"href":"https:\/\/www.locoxelrojo.com\/independiente\/wp-json\/wp\/v2\/posts\/67819\/revisions"}],"wp:featuredmedia":[{"embeddable":true,"href":"https:\/\/www.locoxelrojo.com\/independiente\/wp-json\/wp\/v2\/media\/67036"}],"wp:attachment":[{"href":"https:\/\/www.locoxelrojo.com\/independiente\/wp-json\/wp\/v2\/media?parent=67819"}],"wp:term":[{"taxonomy":"category","embeddable":true,"href":"https:\/\/www.locoxelrojo.com\/independiente\/wp-json\/wp\/v2\/categories?post=67819"},{"taxonomy":"post_tag","embeddable":true,"href":"https:\/\/www.locoxelrojo.com\/independiente\/wp-json\/wp\/v2\/tags?post=67819"}],"curies":[{"name":"wp","href":"https:\/\/api.w.org\/{rel}","templated":true}]}}