{"id":67822,"date":"2016-11-04T15:37:35","date_gmt":"2016-11-04T18:37:35","guid":{"rendered":"http:\/\/www.locoxelrojo.com\/independiente\/?p=67822"},"modified":"2016-11-04T15:37:35","modified_gmt":"2016-11-04T18:37:35","slug":"ajusta-los-ultimos-detalles","status":"publish","type":"post","link":"https:\/\/www.locoxelrojo.com\/independiente\/2016\/11\/04\/ajusta-los-ultimos-detalles\/","title":{"rendered":"Ajusta los \u00faltimos detalles"},"content":{"rendered":"<p>Independiente entren\u00f3 este viernes en el predio de Villa Dom\u00ednico ya pensando en el partido del domingo con Central. <strong>Si bien en conferencia de prensa Gabriel Milito no confirm\u00f3 el equipo, adelant\u00f3 que Juan S\u00e1nchez Mi\u00f1o ir\u00eda desde el arranque. <\/strong><\/p>\n<p>Se viene el choque en Rosario y Milito piensa en mover algunas piezas dentro de los once. <strong>Al cambio de esquema ya confirmado, se le sumar\u00edan los regresos de Jorge Ort\u00edz y S\u00e1nchez Mi\u00f1o. Es un hecho que Germ\u00e1n Denis ver\u00e1 el partido desde el banco.<\/strong><\/p>\n<p>Esta ma\u00f1ana <strong>el t\u00e9cnico realiz\u00f3 una serie de ejercicios f\u00edsicos en el campo y luego, agreg\u00f3 trabajos con pelota haciendo hincapi\u00e9 en la parte ofensiva, donde mayores problemas tiene el Rojo.<\/strong><\/p>\n<p><strong>Cristian Rodr\u00edguez y Lucas Albertengo se movieron de manera diferenciada.<\/strong> El uruguayo por<a href=\"https:\/\/www.locoxelrojo.com\/independiente\/2016\/11\/03\/distension-cebolla-rodriguez\/\"> una distensi\u00f3n en la zona media del aductor izquierdo<\/a>, mientras que el ex Rafaela padece <a href=\"https:\/\/www.locoxelrojo.com\/independiente\/2016\/11\/04\/solamente-un-susto\/\">una peque\u00f1a distensi\u00f3n en el posterior derecho<\/a>.<\/p>\n<p>De esta manera, los titulares en Arroyito ser\u00edan: <strong>Mart\u00edn Campa\u00f1a; Nicol\u00e1s Figal, Hern\u00e1n Pellerano, V\u00edctor Cuesta, Nicol\u00e1s Tagliafico; Ort\u00edz, Diego Rodr\u00edguez; Emiliano Rigoni, Maximiliano Meza, S\u00e1nchez Mi\u00f1o y Diego Vera.<\/strong><\/p>\n","protected":false},"excerpt":{"rendered":"<p>Independiente entren\u00f3 este viernes en el predio de Villa Dom\u00ednico ya pensando en el partido del domingo con Central. Si bien en conferencia de prensa Gabriel Milito no confirm\u00f3 el equipo, adelant\u00f3 que Juan S\u00e1nchez Mi\u00f1o ir\u00eda desde el arranque. Se viene el choque en Rosario y Milito piensa en mover algunas piezas dentro de [&hellip;]<\/p>\n","protected":false},"author":1,"featured_media":67823,"comment_status":"open","ping_status":"closed","sticky":false,"template":"","format":"standard","meta":{"_links_to":"","_links_to_target":""},"categories":[3247,3],"tags":[2986,2979,26,42,3190,2839,172],"_links":{"self":[{"href":"https:\/\/www.locoxelrojo.com\/independiente\/wp-json\/wp\/v2\/posts\/67822"}],"collection":[{"href":"https:\/\/www.locoxelrojo.com\/independiente\/wp-json\/wp\/v2\/posts"}],"about":[{"href":"https:\/\/www.locoxelrojo.com\/independiente\/wp-json\/wp\/v2\/types\/post"}],"author":[{"embeddable":true,"href":"https:\/\/www.locoxelrojo.com\/independiente\/wp-json\/wp\/v2\/users\/1"}],"replies":[{"embeddable":true,"href":"https:\/\/www.locoxelrojo.com\/independiente\/wp-json\/wp\/v2\/comments?post=67822"}],"version-history":[{"count":0,"href":"https:\/\/www.locoxelrojo.com\/independiente\/wp-json\/wp\/v2\/posts\/67822\/revisions"}],"wp:featuredmedia":[{"embeddable":true,"href":"https:\/\/www.locoxelrojo.com\/independiente\/wp-json\/wp\/v2\/media\/67823"}],"wp:attachment":[{"href":"https:\/\/www.locoxelrojo.com\/independiente\/wp-json\/wp\/v2\/media?parent=67822"}],"wp:term":[{"taxonomy":"category","embeddable":true,"href":"https:\/\/www.locoxelrojo.com\/independiente\/wp-json\/wp\/v2\/categories?post=67822"},{"taxonomy":"post_tag","embeddable":true,"href":"https:\/\/www.locoxelrojo.com\/independiente\/wp-json\/wp\/v2\/tags?post=67822"}],"curies":[{"name":"wp","href":"https:\/\/api.w.org\/{rel}","templated":true}]}}