{"id":67833,"date":"2016-11-05T18:30:19","date_gmt":"2016-11-05T21:30:19","guid":{"rendered":"http:\/\/www.locoxelrojo.com\/independiente\/?p=67833"},"modified":"2016-11-19T12:57:54","modified_gmt":"2016-11-19T15:57:54","slug":"concentrados-vs-rosario-central-sin-cebolla-martinez","status":"publish","type":"post","link":"https:\/\/www.locoxelrojo.com\/independiente\/2016\/11\/05\/concentrados-vs-rosario-central-sin-cebolla-martinez\/","title":{"rendered":"Concentrados vs. Rosario Central: sin el Cebolla y con Mart\u00ednez"},"content":{"rendered":"<p><strong>Gabriel Milito confirm\u00f3 a los concentrados de Independiente para visitar\u00a0este domingo\u00a0a Rosario Central.<\/strong><\/p>\n<p>En total son 18 los jugadores convocados\u00a0para enfrentar al Canalla. <strong>La novedad pasa por la vuelta de Dami\u00e1n Mart\u00ednez<\/strong>.<\/p>\n<p><strong>El \u00fanico que se sali\u00f3 de la lista\u00a0fue Cristian Rodr\u00edguez<\/strong>, quien <a href=\"https:\/\/www.locoxelrojo.com\/independiente\/2016\/11\/03\/distension-cebolla-rodriguez\/\">sufri\u00f3 una distensi\u00f3n\u00a0en el aductor izquierdo<\/a> y qued\u00f3 descartado para jugar en Rosario.<\/p>\n<p><span style=\"text-decoration: underline;\"><strong>Los 18 que eligi\u00f3 el Mariscal<\/strong><\/span><\/p>\n<p><strong>Arqueros:<\/strong> Mart\u00edn Campa\u00f1a\u00a0y\u00a0Gonzalo Rehak.<\/p>\n<p><strong>Defensores:<\/strong> Nicol\u00e1s Figal, Hern\u00e1n Pellerano, V\u00edctor Cuesta, Nicol\u00e1s Tagliafico, Gustavo Toledo y Dami\u00e1n Mart\u00ednez.<\/p>\n<p><strong>Volantes:<\/strong> Emiliano Rigoni, Diego Rodr\u00edguez, Maximiliano Meza, Ezequiel Barco, Jorge Ort\u00edz, Juan S\u00e1nchez Mi\u00f1o, Juli\u00e1n Vitale.<\/p>\n<p><strong>Delanteros:<\/strong> Germ\u00e1n Denis, Diego Vera y Mart\u00edn Ben\u00edtez.<\/p>\n","protected":false},"excerpt":{"rendered":"<p>Gabriel Milito confirm\u00f3 a los concentrados de Independiente para visitar\u00a0este domingo\u00a0a Rosario Central. En total son 18 los jugadores convocados\u00a0para enfrentar al Canalla. La novedad pasa por la vuelta de Dami\u00e1n Mart\u00ednez. El \u00fanico que se sali\u00f3 de la lista\u00a0fue Cristian Rodr\u00edguez, quien sufri\u00f3 una distensi\u00f3n\u00a0en el aductor izquierdo y qued\u00f3 descartado para jugar en [&hellip;]<\/p>\n","protected":false},"author":8,"featured_media":67530,"comment_status":"open","ping_status":"closed","sticky":false,"template":"","format":"standard","meta":{"_links_to":"","_links_to_target":""},"categories":[3247,3],"tags":[153,2787,2979,951,3243],"_links":{"self":[{"href":"https:\/\/www.locoxelrojo.com\/independiente\/wp-json\/wp\/v2\/posts\/67833"}],"collection":[{"href":"https:\/\/www.locoxelrojo.com\/independiente\/wp-json\/wp\/v2\/posts"}],"about":[{"href":"https:\/\/www.locoxelrojo.com\/independiente\/wp-json\/wp\/v2\/types\/post"}],"author":[{"embeddable":true,"href":"https:\/\/www.locoxelrojo.com\/independiente\/wp-json\/wp\/v2\/users\/8"}],"replies":[{"embeddable":true,"href":"https:\/\/www.locoxelrojo.com\/independiente\/wp-json\/wp\/v2\/comments?post=67833"}],"version-history":[{"count":0,"href":"https:\/\/www.locoxelrojo.com\/independiente\/wp-json\/wp\/v2\/posts\/67833\/revisions"}],"wp:featuredmedia":[{"embeddable":true,"href":"https:\/\/www.locoxelrojo.com\/independiente\/wp-json\/wp\/v2\/media\/67530"}],"wp:attachment":[{"href":"https:\/\/www.locoxelrojo.com\/independiente\/wp-json\/wp\/v2\/media?parent=67833"}],"wp:term":[{"taxonomy":"category","embeddable":true,"href":"https:\/\/www.locoxelrojo.com\/independiente\/wp-json\/wp\/v2\/categories?post=67833"},{"taxonomy":"post_tag","embeddable":true,"href":"https:\/\/www.locoxelrojo.com\/independiente\/wp-json\/wp\/v2\/tags?post=67833"}],"curies":[{"name":"wp","href":"https:\/\/api.w.org\/{rel}","templated":true}]}}