{"id":67834,"date":"2016-11-05T17:30:24","date_gmt":"2016-11-05T20:30:24","guid":{"rendered":"http:\/\/www.locoxelrojo.com\/independiente\/?p=67834"},"modified":"2016-11-06T00:22:30","modified_gmt":"2016-11-06T03:22:30","slug":"asi-llega-rosario-central-3","status":"publish","type":"post","link":"https:\/\/www.locoxelrojo.com\/independiente\/2016\/11\/05\/asi-llega-rosario-central-3\/","title":{"rendered":"As\u00ed llega Rosario Central"},"content":{"rendered":"<p><strong>Rosario Central recibir\u00e1 a Independiente este domingo desde las 18:15 en el Gigante de Arroyito, por la 9\u00b0 fecha del Campeonato de Primera Divisi\u00f3n 2016\/17. El Canalla viene de eliminar a Boca por Copa Argentina y llega motivado.<\/strong><\/p>\n<p>El equipo que dirige Eduardo Coudet <strong>super\u00f3 el mi\u00e9rcoles por 2-1 a Boca en la Copa Argentina<\/strong>,\u00a0mientras que\u00a0<strong>por el torneo local empat\u00f3 la fecha pasada como visitante ante Hurac\u00e1n<\/strong>. En lo que va del campeonato el conjunto rosarino sum\u00f3 <strong>2\u00a0victorias, 3\u00a0empates y 3\u00a0derrotas<\/strong> y quiere ganar ante el Rojo para mejorar la presente campa\u00f1a.<\/p>\n<p>Para este encuentro, <strong>el t\u00e9cnico del Canalla tiene en mente repetir el mismo once que viene de vencer a Boca<\/strong> entre semana, pero espera que algunos jugadores, como Germ\u00e1n Herrera y Jos\u00e9 Luis Fern\u00e1ndez, <strong>se recuperen del desgaste f\u00edsico que implic\u00f3 el partido del mi\u00e9rcoles<\/strong>. Por lo pronto, Giovani Lo Celso, V\u00edctor Salazar y Cristian Villagra con leves molestias, llegar\u00edan bien y estar\u00edan a disposici\u00f3n.<\/p>\n<p>El once de Rosario Central para recibir a Independiente ser\u00eda: <strong>Sebasti\u00e1n Sosa; Salazar, Dylan Gissi, Marco Torsiglieri, Villagra; Walter Montoya, Mauricio Mart\u00ednez, Fern\u00e1ndez; Lo Celso; Herrera y Marco Ruben<\/strong>.<\/p>\n<p>Adem\u00e1s, quedaron concentrados: <strong>Diego Rodr\u00edguez (a pr\u00e9stamo), Hern\u00e1n Menosse, Washington Camacho, Gustavo Colman, Pedro Ojeda, Jon\u00e1s Aguirre, Fabi\u00e1n Bordagaray y Te\u00f3filo Guti\u00e9rrez<\/strong>. Uno de ellos quedar\u00e1 afuera del banco de suplentes.<\/p>\n","protected":false},"excerpt":{"rendered":"<p>Rosario Central recibir\u00e1 a Independiente este domingo desde las 18:15 en el Gigante de Arroyito, por la 9\u00b0 fecha del Campeonato de Primera Divisi\u00f3n 2016\/17. El Canalla viene de eliminar a Boca por Copa Argentina y llega motivado. El equipo que dirige Eduardo Coudet super\u00f3 el mi\u00e9rcoles por 2-1 a Boca en la Copa Argentina,\u00a0mientras [&hellip;]<\/p>\n","protected":false},"author":14,"featured_media":67835,"comment_status":"open","ping_status":"closed","sticky":false,"template":"","format":"standard","meta":{"_links_to":"","_links_to_target":""},"categories":[1990,3247],"tags":[3275,507,3243],"_links":{"self":[{"href":"https:\/\/www.locoxelrojo.com\/independiente\/wp-json\/wp\/v2\/posts\/67834"}],"collection":[{"href":"https:\/\/www.locoxelrojo.com\/independiente\/wp-json\/wp\/v2\/posts"}],"about":[{"href":"https:\/\/www.locoxelrojo.com\/independiente\/wp-json\/wp\/v2\/types\/post"}],"author":[{"embeddable":true,"href":"https:\/\/www.locoxelrojo.com\/independiente\/wp-json\/wp\/v2\/users\/14"}],"replies":[{"embeddable":true,"href":"https:\/\/www.locoxelrojo.com\/independiente\/wp-json\/wp\/v2\/comments?post=67834"}],"version-history":[{"count":0,"href":"https:\/\/www.locoxelrojo.com\/independiente\/wp-json\/wp\/v2\/posts\/67834\/revisions"}],"wp:featuredmedia":[{"embeddable":true,"href":"https:\/\/www.locoxelrojo.com\/independiente\/wp-json\/wp\/v2\/media\/67835"}],"wp:attachment":[{"href":"https:\/\/www.locoxelrojo.com\/independiente\/wp-json\/wp\/v2\/media?parent=67834"}],"wp:term":[{"taxonomy":"category","embeddable":true,"href":"https:\/\/www.locoxelrojo.com\/independiente\/wp-json\/wp\/v2\/categories?post=67834"},{"taxonomy":"post_tag","embeddable":true,"href":"https:\/\/www.locoxelrojo.com\/independiente\/wp-json\/wp\/v2\/tags?post=67834"}],"curies":[{"name":"wp","href":"https:\/\/api.w.org\/{rel}","templated":true}]}}