{"id":67878,"date":"2016-11-09T16:05:28","date_gmt":"2016-11-09T19:05:28","guid":{"rendered":"http:\/\/www.locoxelrojo.com\/independiente\/?p=67878"},"modified":"2016-11-09T16:05:28","modified_gmt":"2016-11-09T19:05:28","slug":"barco-volvio-entrenarse-plantel","status":"publish","type":"post","link":"https:\/\/www.locoxelrojo.com\/independiente\/2016\/11\/09\/barco-volvio-entrenarse-plantel\/","title":{"rendered":"Barco volvi\u00f3 a entrenarse con el plantel"},"content":{"rendered":"<p>Luego de ser <a href=\"https:\/\/www.locoxelrojo.com\/independiente\/2016\/11\/08\/barco-desafectado-del-sub-20\/\">desafectado de la Selecci\u00f3n argentina Sub 20<\/a>,<strong> Ezequiel Barco<\/strong> retorn\u00f3 a Villa Dom\u00ednico para entrenarse con el resto de sus compa\u00f1eros. Si bien hoy se movi\u00f3 diferenciado, <strong>desde el cuerpo t\u00e9cnico aseguran que llegar\u00e1 al partido con San Lorenzo.<\/strong><\/p>\n<p>La noticia\u00a0destacada de esta ma\u00f1ana pas\u00f3, sin dudas, por <strong>el regreso repentino del juvenil de 17 a\u00f1os tras la paral\u00edtica que sufri\u00f3 ante Rosario Central y lo margin\u00f3 del seleccionado.<\/strong> Pese a la molestia, Gabriel Milito lo llevar\u00e1 de a poco para no arriesgarlo.<\/p>\n<p>Por su parte,\u00a0el resto del plantel realiz\u00f3 <strong>actividades\u00a0f\u00edsicas, de carga y velocidad.<\/strong>\u00a0Adem\u00e1s <strong>Cristian Rodr\u00edguez volvi\u00f3 a trabajar a la par de sus compa\u00f1eros\u00a0<\/strong>luego de su lesi\u00f3n.<\/p>\n<p>Si bien todav\u00eda es temprano para especular con el once inicial para recibir a San Lorenzo, <strong>el Mariscal sabe que tendr\u00e1 que hacer, al menos, dos variantes obligadas.<\/strong> Una por la lesi\u00f3n de Maximiliano Meza y\u00a0la otra por la expulsi\u00f3n de V\u00edctor Cuesta. Mart\u00edn Ben\u00edtez y Gustavo Toledo son dos candidatos para volver a\u00a0ser titulares.<\/p>\n","protected":false},"excerpt":{"rendered":"<p>Luego de ser desafectado de la Selecci\u00f3n argentina Sub 20, Ezequiel Barco retorn\u00f3 a Villa Dom\u00ednico para entrenarse con el resto de sus compa\u00f1eros. Si bien hoy se movi\u00f3 diferenciado, desde el cuerpo t\u00e9cnico aseguran que llegar\u00e1 al partido con San Lorenzo. La noticia\u00a0destacada de esta ma\u00f1ana pas\u00f3, sin dudas, por el regreso repentino del [&hellip;]<\/p>\n","protected":false},"author":19,"featured_media":67879,"comment_status":"open","ping_status":"closed","sticky":false,"template":"","format":"standard","meta":{"_links_to":"","_links_to_target":""},"categories":[3247,3],"tags":[26,3215,172],"_links":{"self":[{"href":"https:\/\/www.locoxelrojo.com\/independiente\/wp-json\/wp\/v2\/posts\/67878"}],"collection":[{"href":"https:\/\/www.locoxelrojo.com\/independiente\/wp-json\/wp\/v2\/posts"}],"about":[{"href":"https:\/\/www.locoxelrojo.com\/independiente\/wp-json\/wp\/v2\/types\/post"}],"author":[{"embeddable":true,"href":"https:\/\/www.locoxelrojo.com\/independiente\/wp-json\/wp\/v2\/users\/19"}],"replies":[{"embeddable":true,"href":"https:\/\/www.locoxelrojo.com\/independiente\/wp-json\/wp\/v2\/comments?post=67878"}],"version-history":[{"count":0,"href":"https:\/\/www.locoxelrojo.com\/independiente\/wp-json\/wp\/v2\/posts\/67878\/revisions"}],"wp:featuredmedia":[{"embeddable":true,"href":"https:\/\/www.locoxelrojo.com\/independiente\/wp-json\/wp\/v2\/media\/67879"}],"wp:attachment":[{"href":"https:\/\/www.locoxelrojo.com\/independiente\/wp-json\/wp\/v2\/media?parent=67878"}],"wp:term":[{"taxonomy":"category","embeddable":true,"href":"https:\/\/www.locoxelrojo.com\/independiente\/wp-json\/wp\/v2\/categories?post=67878"},{"taxonomy":"post_tag","embeddable":true,"href":"https:\/\/www.locoxelrojo.com\/independiente\/wp-json\/wp\/v2\/tags?post=67878"}],"curies":[{"name":"wp","href":"https:\/\/api.w.org\/{rel}","templated":true}]}}