{"id":67996,"date":"2016-11-23T13:51:27","date_gmt":"2016-11-23T16:51:27","guid":{"rendered":"http:\/\/www.locoxelrojo.com\/independiente\/?p=67996"},"modified":"2016-11-23T14:41:32","modified_gmt":"2016-11-23T17:41:32","slug":"tactico-pensando-racing","status":"publish","type":"post","link":"https:\/\/www.locoxelrojo.com\/independiente\/2016\/11\/23\/tactico-pensando-racing\/","title":{"rendered":"T\u00e1ctico pensando en Racing"},"content":{"rendered":"<p><strong>El plantel de Independiente entren\u00f3 este mi\u00e9rcoles en el predio de Villa Dom\u00ednico con la mente puesta en el cl\u00e1sico del domingo frente a Racing.<\/strong><\/p>\n<p>Se viene el Cl\u00e1sico de Avellaneda y Gabriel Milito comienza a ajustar algunas piezas de cara al duelo en el Cilindro. Esta ma\u00f1ana, luego de una entrada en calor, <strong>el Mariscal aprovech\u00f3 para realizar trabajos t\u00e1cticos con pelota en espacios reducidos, haciendo hincapi\u00e9 en la posesi\u00f3n, recuperaci\u00f3n y terminaci\u00f3n de jugadas.<\/strong><\/p>\n<blockquote class=\"twitter-tweet\" data-lang=\"es\">\n<p dir=\"ltr\" lang=\"es\"><a href=\"https:\/\/twitter.com\/hashtag\/Independiente?src=hash\">#Independiente<\/a> t\u00e1ctico.<br \/>\nToledo-Figal-Cuesta-Tagliafico<br \/>\nBarco-Vitale-Ort\u00edz<br \/>\nBen\u00edtez-Vera-Rigoni<\/p>\n<p>Torito defiende en el equipo de pechera. <a href=\"https:\/\/t.co\/71VeFGrsln\">pic.twitter.com\/71VeFGrsln<\/a><\/p>\n<p>\u2014 Matias Carusso (@carussomatias) <a href=\"https:\/\/twitter.com\/carussomatias\/status\/801438879119278082\">23 de noviembre de 2016<\/a><\/p><\/blockquote>\n<p><script async src=\"\/\/platform.twitter.com\/widgets.js\" charset=\"utf-8\"><\/script><\/p>\n<p>Por su parte, <strong>Leandro Fern\u00e1ndez contin\u00faa con su recuperaci\u00f3n e hizo ejercicios de campo, f\u00edsicos y con pelota, junto a uno de los kinesi\u00f3logos del club.<\/strong><\/p>\n<blockquote class=\"twitter-video\" data-lang=\"es\">\n<p dir=\"ltr\" lang=\"es\"><a href=\"https:\/\/twitter.com\/hashtag\/Independiente?src=hash\">#Independiente<\/a> Leandro Fern\u00e1ndez trabajando con pelota junto con un kinesi\u00f3logo. <a href=\"https:\/\/t.co\/gr6wcpId0a\">pic.twitter.com\/gr6wcpId0a<\/a><\/p>\n<p>\u2014 Matias Carusso (@carussomatias) <a href=\"https:\/\/twitter.com\/carussomatias\/status\/801439840793493509\">23 de noviembre de 2016<\/a><\/p><\/blockquote>\n<p><script async src=\"\/\/platform.twitter.com\/widgets.js\" charset=\"utf-8\"><\/script><\/p>\n<blockquote class=\"twitter-video\" data-lang=\"es\">\n<p dir=\"ltr\" lang=\"es\"><a href=\"https:\/\/twitter.com\/hashtag\/Independiente?src=hash\">#Independiente<\/a> Leandro Fern\u00e1ndez contin\u00faa con su puesta a punto. <a href=\"https:\/\/t.co\/pfYFAmjwwt\">pic.twitter.com\/pfYFAmjwwt<\/a><\/p>\n<p>\u2014 Matias Carusso (@carussomatias) <a href=\"https:\/\/twitter.com\/carussomatias\/status\/801441488962027520\">23 de noviembre de 2016<\/a><\/p><\/blockquote>\n<p><script async src=\"\/\/platform.twitter.com\/widgets.js\" charset=\"utf-8\"><\/script><\/p>\n<p><strong>Maximiliano Meza y Lucas Albertengo se movieron de manera diferenciada durante toda la ma\u00f1ana y ambos est\u00e1n descartados para el domingo.<\/strong> La novedad del d\u00eda fue la lesi\u00f3n de Gustavo Toledo. <strong>El lateral sufri\u00f3 la fractura en uno de sus dedos de la\u00a0mano derecha y se lo vio con un vendaje.<\/strong> A pesar de eso, podr\u00e1 estar frente a Racing si Milito lo cree conveniente.<\/p>\n<p>Sobre el final de la pr\u00e1ctica, <strong>Nicol\u00e1s Figal, Mart\u00edn Ben\u00edtez, Ezequiel Barco y Emiliano Rigoni se quedaron pateando tiros libres<\/strong>.<\/p>\n","protected":false},"excerpt":{"rendered":"<p>El plantel de Independiente entren\u00f3 este mi\u00e9rcoles en el predio de Villa Dom\u00ednico con la mente puesta en el cl\u00e1sico del domingo frente a Racing. Se viene el Cl\u00e1sico de Avellaneda y Gabriel Milito comienza a ajustar algunas piezas de cara al duelo en el Cilindro. Esta ma\u00f1ana, luego de una entrada en calor, el [&hellip;]<\/p>\n","protected":false},"author":1,"featured_media":67998,"comment_status":"open","ping_status":"closed","sticky":false,"template":"","format":"standard","meta":{"_links_to":"","_links_to_target":""},"categories":[3247,3],"tags":[134,26,42,172],"_links":{"self":[{"href":"https:\/\/www.locoxelrojo.com\/independiente\/wp-json\/wp\/v2\/posts\/67996"}],"collection":[{"href":"https:\/\/www.locoxelrojo.com\/independiente\/wp-json\/wp\/v2\/posts"}],"about":[{"href":"https:\/\/www.locoxelrojo.com\/independiente\/wp-json\/wp\/v2\/types\/post"}],"author":[{"embeddable":true,"href":"https:\/\/www.locoxelrojo.com\/independiente\/wp-json\/wp\/v2\/users\/1"}],"replies":[{"embeddable":true,"href":"https:\/\/www.locoxelrojo.com\/independiente\/wp-json\/wp\/v2\/comments?post=67996"}],"version-history":[{"count":0,"href":"https:\/\/www.locoxelrojo.com\/independiente\/wp-json\/wp\/v2\/posts\/67996\/revisions"}],"wp:featuredmedia":[{"embeddable":true,"href":"https:\/\/www.locoxelrojo.com\/independiente\/wp-json\/wp\/v2\/media\/67998"}],"wp:attachment":[{"href":"https:\/\/www.locoxelrojo.com\/independiente\/wp-json\/wp\/v2\/media?parent=67996"}],"wp:term":[{"taxonomy":"category","embeddable":true,"href":"https:\/\/www.locoxelrojo.com\/independiente\/wp-json\/wp\/v2\/categories?post=67996"},{"taxonomy":"post_tag","embeddable":true,"href":"https:\/\/www.locoxelrojo.com\/independiente\/wp-json\/wp\/v2\/tags?post=67996"}],"curies":[{"name":"wp","href":"https:\/\/api.w.org\/{rel}","templated":true}]}}