{"id":68012,"date":"2016-11-24T16:24:04","date_gmt":"2016-11-24T19:24:04","guid":{"rendered":"http:\/\/www.locoxelrojo.com\/independiente\/?p=68012"},"modified":"2016-11-24T16:26:28","modified_gmt":"2016-11-24T19:26:28","slug":"tres-cambios-para-el-clasico","status":"publish","type":"post","link":"https:\/\/www.locoxelrojo.com\/independiente\/2016\/11\/24\/tres-cambios-para-el-clasico\/","title":{"rendered":"\u00bfTres cambios para el cl\u00e1sico?"},"content":{"rendered":"<p><strong>Este jueves Independiente realiz\u00f3 una pr\u00e1ctica formal en el estadio y Gabriel Milito aprovech\u00f3 para parar el probable equipo para el cl\u00e1sico del domingo ante Racing.<\/strong><\/p>\n<p>Esta ma\u00f1ana el Mariscal opt\u00f3 por trabajar en el Libertadores de Am\u00e9rica y hacer un ensayo de f\u00fatbol frente a la Reserva. Entre los titulares, en relaci\u00f3n a los que cayeron frente a San Lorenzo, <strong>hubo tres modificaciones: V\u00edctor Cuesta ingres\u00f3 por Gustavo Toledo, Juan S\u00e1nchez Mi\u00f1o por Emiliano Rigoni y Germ\u00e1n Denis en lugar de Diego Vera. <\/strong><\/p>\n<p>De esta manera, los once que par\u00f3 hoy, fueron: <strong>Mart\u00edn Campa\u00f1a; Nicol\u00e1s Figal, Hern\u00e1n Pellerano, Cuesta, Nicol\u00e1s Tagliafico; Jorge Ort\u00edz, Diego Rodr\u00edguez; Mart\u00edn Ben\u00edtez, Ezequiel Barco, S\u00e1nchez Mi\u00f1o y Denis<\/strong>.<\/p>\n<p><!-- Pontamedia Survey Tag \/\/--><\/p>\n<div id=\"brandencuesta\"><\/div>\n<p><script type=\"text\/javascript\" src=\"\/\/api.pontamedia.net\/survey.php?p=YToyOntzOjE6ImsiO3M6NDA6IjU3N2VlOTYzMGJjNWUwNWJlZDQ2MDk4YWJmZDZlZjZmMDFkMzQ1M2MiO3M6NjoicG9sbElkIjtpOjMzMjM7fQ==&#038;lang=es\" async><\/script><br \/>\n<!-- End Pontamedia Survey Tag \/\/--><\/p>\n","protected":false},"excerpt":{"rendered":"<p>Este jueves Independiente realiz\u00f3 una pr\u00e1ctica formal en el estadio y Gabriel Milito aprovech\u00f3 para parar el probable equipo para el cl\u00e1sico del domingo ante Racing. Esta ma\u00f1ana el Mariscal opt\u00f3 por trabajar en el Libertadores de Am\u00e9rica y hacer un ensayo de f\u00fatbol frente a la Reserva. Entre los titulares, en relaci\u00f3n a los [&hellip;]<\/p>\n","protected":false},"author":1,"featured_media":68013,"comment_status":"open","ping_status":"closed","sticky":false,"template":"","format":"standard","meta":{"_links_to":"","_links_to_target":""},"categories":[3247,3],"tags":[2791,2835,26,247,42,397,2883,3190,2754],"_links":{"self":[{"href":"https:\/\/www.locoxelrojo.com\/independiente\/wp-json\/wp\/v2\/posts\/68012"}],"collection":[{"href":"https:\/\/www.locoxelrojo.com\/independiente\/wp-json\/wp\/v2\/posts"}],"about":[{"href":"https:\/\/www.locoxelrojo.com\/independiente\/wp-json\/wp\/v2\/types\/post"}],"author":[{"embeddable":true,"href":"https:\/\/www.locoxelrojo.com\/independiente\/wp-json\/wp\/v2\/users\/1"}],"replies":[{"embeddable":true,"href":"https:\/\/www.locoxelrojo.com\/independiente\/wp-json\/wp\/v2\/comments?post=68012"}],"version-history":[{"count":0,"href":"https:\/\/www.locoxelrojo.com\/independiente\/wp-json\/wp\/v2\/posts\/68012\/revisions"}],"wp:featuredmedia":[{"embeddable":true,"href":"https:\/\/www.locoxelrojo.com\/independiente\/wp-json\/wp\/v2\/media\/68013"}],"wp:attachment":[{"href":"https:\/\/www.locoxelrojo.com\/independiente\/wp-json\/wp\/v2\/media?parent=68012"}],"wp:term":[{"taxonomy":"category","embeddable":true,"href":"https:\/\/www.locoxelrojo.com\/independiente\/wp-json\/wp\/v2\/categories?post=68012"},{"taxonomy":"post_tag","embeddable":true,"href":"https:\/\/www.locoxelrojo.com\/independiente\/wp-json\/wp\/v2\/tags?post=68012"}],"curies":[{"name":"wp","href":"https:\/\/api.w.org\/{rel}","templated":true}]}}