{"id":68147,"date":"2016-12-06T12:58:16","date_gmt":"2016-12-06T15:58:16","guid":{"rendered":"http:\/\/www.locoxelrojo.com\/independiente\/?p=68147"},"modified":"2016-12-06T13:06:16","modified_gmt":"2016-12-06T16:06:16","slug":"vuelta-dominico-tras-triunfo","status":"publish","type":"post","link":"https:\/\/www.locoxelrojo.com\/independiente\/2016\/12\/06\/vuelta-dominico-tras-triunfo\/","title":{"rendered":"Vuelta a Dom\u00ednico tras el triunfo"},"content":{"rendered":"<p><strong>Independiente regres\u00f3 este martes a los entrenamientos en el predio de Villa Dom\u00ednico <a href=\"https:\/\/www.locoxelrojo.com\/independiente\/2016\/12\/04\/corto-la-mala-racha\/\">luego de la victoria del domingo por 1-0 ante River<\/a>.<\/strong><\/p>\n<p>El triunfo ante el Millonario <a href=\"https:\/\/www.locoxelrojo.com\/independiente\/2016\/12\/04\/lxrtv-uruguayo-vera-la-volvio-meter\/\">con el gol de Diego Vera<\/a> cort\u00f3 una racha de malos resultados. <strong>Con el \u00e1nimo un poco mejorado el plantel volvi\u00f3 a las pr\u00e1cticas esta ma\u00f1ana ya pensando en el compromiso del pr\u00f3ximo domingo: Col\u00f3n de Santa Fe.<\/strong><\/p>\n<p><!-- Pontamedia Survey Tag \/\/--><\/p>\n<div id=\"brandencuesta\"><\/div>\n<p><script type=\"text\/javascript\" src=\"\/\/api.pontamedia.net\/survey.php?p=YToyOntzOjE6ImsiO3M6NDA6IjU3N2VlOTYzMGJjNWUwNWJlZDQ2MDk4YWJmZDZlZjZmMDFkMzQ1M2MiO3M6NjoicG9sbElkIjtpOjM0MjU7fQ==&#038;lang=es\" async><\/script><br \/>\n<!-- End Pontamedia Survey Tag \/\/--><\/p>\n<p><strong>La jornada comenz\u00f3 con trabajos en el gimnasio y luego, aquellos que jugaron con River realizaron ejercicios regenerativos. Para el resto, hubo trabajos con pelota y definici\u00f3n.<\/strong><\/p>\n<p><strong>Ezequiel Barco<\/strong>, quien anoche <a href=\"https:\/\/www.locoxelrojo.com\/independiente\/2016\/12\/06\/revelacion-del-futbol-argentino\/\">gan\u00f3 el premio Alumni al &#8220;Jugador Revelaci\u00f3n del F\u00fatbol Argentino&#8221;<\/a>, <strong>estuvo ausente con aviso ya que est\u00e1 afectado a las pr\u00e1cticas con la Selecci\u00f3n Argentina Sub 20<\/strong>. El volante se sumar\u00e1 al grupo nuevamente el d\u00eda jueves.<\/p>\n<p><a href=\"https:\/\/www.locoxelrojo.com\/independiente\/2016\/12\/06\/vuelta-dominico-tras-triunfo\/barco-afa\/\" rel=\"attachment wp-att-68148\"><img loading=\"lazy\" class=\"alignnone size-full wp-image-68148\" src=\"https:\/\/www.locoxelrojo.com\/independiente\/wp-content\/uploads\/2016\/12\/barco-afa.jpg\" alt=\"barco-afa\" width=\"741\" height=\"486\" srcset=\"https:\/\/locoxelrojo.com\/independiente\/wp-content\/uploads\/2016\/12\/barco-afa.jpg 741w, https:\/\/locoxelrojo.com\/independiente\/wp-content\/uploads\/2016\/12\/barco-afa-300x197.jpg 300w, https:\/\/locoxelrojo.com\/independiente\/wp-content\/uploads\/2016\/12\/barco-afa-696x456.jpg 696w, https:\/\/locoxelrojo.com\/independiente\/wp-content\/uploads\/2016\/12\/barco-afa-640x420.jpg 640w\" sizes=\"(max-width: 741px) 100vw, 741px\" \/><\/a><\/p>\n<p><strong>Jorge Ort\u00edz se movi\u00f3 de manera diferenciada producto de una sobrecarga<\/strong> y al t\u00e9rmino del entrenamiento habl\u00f3 en conferencia de prensa. Junto a \u00e9l estuvieron Cristian Rodr\u00edguez y Mart\u00edn Ben\u00edtez. Por su parte, <strong>Leandro Fern\u00e1ndez contin\u00faa con su puesta a punto.<\/strong><\/p>\n<p><a href=\"https:\/\/www.locoxelrojo.com\/independiente\/2016\/12\/06\/vuelta-dominico-tras-triunfo\/fernadez-dominico\/\" rel=\"attachment wp-att-68150\"><img loading=\"lazy\" class=\"alignnone size-full wp-image-68150\" src=\"https:\/\/www.locoxelrojo.com\/independiente\/wp-content\/uploads\/2016\/12\/fernadez-dominico.jpg\" alt=\"fernadez-dominico\" width=\"741\" height=\"486\" srcset=\"https:\/\/locoxelrojo.com\/independiente\/wp-content\/uploads\/2016\/12\/fernadez-dominico.jpg 741w, https:\/\/locoxelrojo.com\/independiente\/wp-content\/uploads\/2016\/12\/fernadez-dominico-300x197.jpg 300w, https:\/\/locoxelrojo.com\/independiente\/wp-content\/uploads\/2016\/12\/fernadez-dominico-696x456.jpg 696w, https:\/\/locoxelrojo.com\/independiente\/wp-content\/uploads\/2016\/12\/fernadez-dominico-640x420.jpg 640w\" sizes=\"(max-width: 741px) 100vw, 741px\" \/><\/a><\/p>\n","protected":false},"excerpt":{"rendered":"<p>Independiente regres\u00f3 este martes a los entrenamientos en el predio de Villa Dom\u00ednico luego de la victoria del domingo por 1-0 ante River. El triunfo ante el Millonario con el gol de Diego Vera cort\u00f3 una racha de malos resultados. Con el \u00e1nimo un poco mejorado el plantel volvi\u00f3 a las pr\u00e1cticas esta ma\u00f1ana ya [&hellip;]<\/p>\n","protected":false},"author":1,"featured_media":68149,"comment_status":"open","ping_status":"closed","sticky":false,"template":"","format":"standard","meta":{"_links_to":"","_links_to_target":""},"categories":[3247,3],"tags":[26,3215,42,2969,172],"_links":{"self":[{"href":"https:\/\/www.locoxelrojo.com\/independiente\/wp-json\/wp\/v2\/posts\/68147"}],"collection":[{"href":"https:\/\/www.locoxelrojo.com\/independiente\/wp-json\/wp\/v2\/posts"}],"about":[{"href":"https:\/\/www.locoxelrojo.com\/independiente\/wp-json\/wp\/v2\/types\/post"}],"author":[{"embeddable":true,"href":"https:\/\/www.locoxelrojo.com\/independiente\/wp-json\/wp\/v2\/users\/1"}],"replies":[{"embeddable":true,"href":"https:\/\/www.locoxelrojo.com\/independiente\/wp-json\/wp\/v2\/comments?post=68147"}],"version-history":[{"count":0,"href":"https:\/\/www.locoxelrojo.com\/independiente\/wp-json\/wp\/v2\/posts\/68147\/revisions"}],"wp:featuredmedia":[{"embeddable":true,"href":"https:\/\/www.locoxelrojo.com\/independiente\/wp-json\/wp\/v2\/media\/68149"}],"wp:attachment":[{"href":"https:\/\/www.locoxelrojo.com\/independiente\/wp-json\/wp\/v2\/media?parent=68147"}],"wp:term":[{"taxonomy":"category","embeddable":true,"href":"https:\/\/www.locoxelrojo.com\/independiente\/wp-json\/wp\/v2\/categories?post=68147"},{"taxonomy":"post_tag","embeddable":true,"href":"https:\/\/www.locoxelrojo.com\/independiente\/wp-json\/wp\/v2\/tags?post=68147"}],"curies":[{"name":"wp","href":"https:\/\/api.w.org\/{rel}","templated":true}]}}