{"id":68170,"date":"2016-12-09T18:03:36","date_gmt":"2016-12-09T21:03:36","guid":{"rendered":"http:\/\/www.locoxelrojo.com\/independiente\/?p=68170"},"modified":"2016-12-09T18:04:22","modified_gmt":"2016-12-09T21:04:22","slug":"no-se-negocia","status":"publish","type":"post","link":"https:\/\/www.locoxelrojo.com\/independiente\/2016\/12\/09\/no-se-negocia\/","title":{"rendered":"No se negocia"},"content":{"rendered":"<p><strong>En las \u00faltimas horas surgi\u00f3 el rumor que Lan\u00fas pretende contar con Diego Vera.<\/strong> Sin embargo, <strong>los dirigentes de Independiente no tienen ninguna intenci\u00f3n de negociar al uruguayo y, mucho menos, al mercado local.<\/strong><\/p>\n<p><strong>\u201cCon Lan\u00fas tenemos un gran di\u00e1logo, nos vemos constantemente en AFA. No nos han dicho nada, tampoco hablamos de ning\u00fan supuesto inter\u00e9s. Lo he visto por los medios, pero oficialmente no tenemos nada\u201d<\/strong>, expres\u00f3 el vicepresidente Carlos Monta\u00f1a, en di\u00e1logo con El Crack Deportivo. Ante la consulta de LocoXelRojo con otro dirigente importante, la respuesta fue similar: <strong>&#8220;No se negocia. Menos en Argentina&#8221;<\/strong>.<\/p>\n<p><!-- Pontamedia Survey Tag \/\/--><\/p>\n<div id=\"brandencuesta\"><\/div>\n<p><script type=\"text\/javascript\" src=\"\/\/api.pontamedia.net\/survey.php?p=YToyOntzOjE6ImsiO3M6NDA6IjU3N2VlOTYzMGJjNWUwNWJlZDQ2MDk4YWJmZDZlZjZmMDFkMzQ1M2MiO3M6NjoicG9sbElkIjtpOjM0NTU7fQ==&#038;lang=es\" async><\/script><br \/>\n<!-- End Pontamedia Survey Tag \/\/--><\/p>\n<p><strong>En total Vera jug\u00f3 52 partidos (38 de titular) con la camiseta de Independiente y convirti\u00f3 14 goles.<\/strong> En la \u00faltima fecha viene de marcarle a River.<\/p>\n<p><iframe loading=\"lazy\" src=\"https:\/\/www.youtube.com\/embed\/poU-Raajyr4\" width=\"560\" height=\"315\" frameborder=\"0\" allowfullscreen=\"allowfullscreen\"><\/iframe><\/p>\n","protected":false},"excerpt":{"rendered":"<p>En las \u00faltimas horas surgi\u00f3 el rumor que Lan\u00fas pretende contar con Diego Vera. Sin embargo, los dirigentes de Independiente no tienen ninguna intenci\u00f3n de negociar al uruguayo y, mucho menos, al mercado local. \u201cCon Lan\u00fas tenemos un gran di\u00e1logo, nos vemos constantemente en AFA. No nos han dicho nada, tampoco hablamos de ning\u00fan supuesto [&hellip;]<\/p>\n","protected":false},"author":1,"featured_media":68171,"comment_status":"open","ping_status":"closed","sticky":false,"template":"","format":"standard","meta":{"_links_to":"","_links_to_target":""},"categories":[3280,3247],"tags":[2791],"_links":{"self":[{"href":"https:\/\/www.locoxelrojo.com\/independiente\/wp-json\/wp\/v2\/posts\/68170"}],"collection":[{"href":"https:\/\/www.locoxelrojo.com\/independiente\/wp-json\/wp\/v2\/posts"}],"about":[{"href":"https:\/\/www.locoxelrojo.com\/independiente\/wp-json\/wp\/v2\/types\/post"}],"author":[{"embeddable":true,"href":"https:\/\/www.locoxelrojo.com\/independiente\/wp-json\/wp\/v2\/users\/1"}],"replies":[{"embeddable":true,"href":"https:\/\/www.locoxelrojo.com\/independiente\/wp-json\/wp\/v2\/comments?post=68170"}],"version-history":[{"count":0,"href":"https:\/\/www.locoxelrojo.com\/independiente\/wp-json\/wp\/v2\/posts\/68170\/revisions"}],"wp:featuredmedia":[{"embeddable":true,"href":"https:\/\/www.locoxelrojo.com\/independiente\/wp-json\/wp\/v2\/media\/68171"}],"wp:attachment":[{"href":"https:\/\/www.locoxelrojo.com\/independiente\/wp-json\/wp\/v2\/media?parent=68170"}],"wp:term":[{"taxonomy":"category","embeddable":true,"href":"https:\/\/www.locoxelrojo.com\/independiente\/wp-json\/wp\/v2\/categories?post=68170"},{"taxonomy":"post_tag","embeddable":true,"href":"https:\/\/www.locoxelrojo.com\/independiente\/wp-json\/wp\/v2\/tags?post=68170"}],"curies":[{"name":"wp","href":"https:\/\/api.w.org\/{rel}","templated":true}]}}