{"id":68292,"date":"2016-12-20T15:42:50","date_gmt":"2016-12-20T18:42:50","guid":{"rendered":"http:\/\/www.locoxelrojo.com\/independiente\/?p=68292"},"modified":"2016-12-21T11:39:21","modified_gmt":"2016-12-21T14:39:21","slug":"internas-la-comision-directiva","status":"publish","type":"post","link":"https:\/\/www.locoxelrojo.com\/independiente\/2016\/12\/20\/internas-la-comision-directiva\/","title":{"rendered":"Internas en la Comisi\u00f3n Directiva"},"content":{"rendered":"<p><strong>Noray Nakis desnud\u00f3 las internas que hay actualmente en la Comisi\u00f3n Directiva de Independiente y realiz\u00f3 una fuerte cr\u00edtica sobre el manejo del f\u00fatbol. Adem\u00e1s, puso en duda sobre su acompa\u00f1amiento a Hugo Moyano en b\u00fasqueda de la reelecci\u00f3n.<\/strong><\/p>\n<p>D\u00edas atr\u00e1s un grupo de dirigentes realizaron una comida donde Hugo afirm\u00f3 que buscar\u00e1 continuar en el cargo en las elecciones de diciembre de 2017: <strong>&#8220;Voy por la reelecci\u00f3n&#8221;<\/strong>. En la misma estuvieron presentes <strong>Carlos Monta\u00f1a, H\u00e9ctor Maldonado, Cristian Ritondo, Daniel Seoane, Gustavo Lema, Fabio Fern\u00e1ndez, Jorge Damiani y Adri\u00e1n Esp\u00f3sito.<\/strong><\/p>\n<p><a href=\"https:\/\/www.locoxelrojo.com\/independiente\/2016\/12\/20\/internas-la-comision-directiva\/moyano-comida\/\" rel=\"attachment wp-att-68293\"><img loading=\"lazy\" class=\"alignnone size-full wp-image-68293\" src=\"https:\/\/www.locoxelrojo.com\/independiente\/wp-content\/uploads\/2016\/12\/moyano-comida.jpg\" alt=\"moyano-comida\" width=\"741\" height=\"486\" srcset=\"https:\/\/locoxelrojo.com\/independiente\/wp-content\/uploads\/2016\/12\/moyano-comida.jpg 741w, https:\/\/locoxelrojo.com\/independiente\/wp-content\/uploads\/2016\/12\/moyano-comida-300x197.jpg 300w, https:\/\/locoxelrojo.com\/independiente\/wp-content\/uploads\/2016\/12\/moyano-comida-696x456.jpg 696w, https:\/\/locoxelrojo.com\/independiente\/wp-content\/uploads\/2016\/12\/moyano-comida-640x420.jpg 640w\" sizes=\"(max-width: 741px) 100vw, 741px\" \/><\/a><\/p>\n<p><strong>La reuni\u00f3n se realiz\u00f3 d\u00edas despu\u00e9s que Pablo Moyano expresara p\u00fablicamente sus intenciones de ser presidente<\/strong>. Aunque ya lo hab\u00eda hecho en otras oportunidades. Desde ya, <strong>el hijo del pope del club no particip\u00f3 de la comida y la interna es tal, que varios dirigentes off the record afirman que si Hugo no se presenta no le dar\u00edan el apoyo a Pablo<\/strong>.<\/p>\n<p><strong>De dicho evento tampoco particip\u00f3 el vicepresidente Noray Nakis<\/strong>, quien esta tarde dispar\u00f3 munici\u00f3n gruesa para todos lados. <strong>&#8220;Cuando las cosas no se dan y no se toleran los procesos, tenemos que hacer mea culpa nosotros. Eso te hace pensar que hay algo en lo que estaremos fallando los dirigentes. Y hay que ver el proyecto del nuevo entrenador, porque esto puede salir muy caro pol\u00edticamente&#8221;,<\/strong> expres\u00f3 en di\u00e1logo con Sportia.<\/p>\n<p>Adem\u00e1s, asegur\u00f3 que no lo escucharon cuando se contrat\u00f3 a Cristian Rodr\u00edguez, por quien hay un acuerdo de palabra para desvincularse del club: <strong>&#8220;Fue un error traer al Cebolla. Le clavabas un escarbadientes y se desgarraba. Se deber\u00edan haber averiguado un poco m\u00e1s sus antecedentes, era normal lo de las lesiones, si hab\u00eda jugado muy poco en los \u00faltimos dos a\u00f1os&#8221;<\/strong>.<\/p>\n<p>Para cerrar, mostr\u00f3 claramente su descontento con la posici\u00f3n que ocupa actualmente en el club y puso en duda su apoyo a Moyano: <strong>&#8220;No se si voy a acompa\u00f1ar a Moyano en las pr\u00f3ximas elecciones. Parezco un pelotudo que me tienen para tomar sol y chupar fr\u00edo en Dom\u00ednico\u201d<\/strong>.<\/p>\n","protected":false},"excerpt":{"rendered":"<p>Noray Nakis desnud\u00f3 las internas que hay actualmente en la Comisi\u00f3n Directiva de Independiente y realiz\u00f3 una fuerte cr\u00edtica sobre el manejo del f\u00fatbol. Adem\u00e1s, puso en duda sobre su acompa\u00f1amiento a Hugo Moyano en b\u00fasqueda de la reelecci\u00f3n. D\u00edas atr\u00e1s un grupo de dirigentes realizaron una comida donde Hugo afirm\u00f3 que buscar\u00e1 continuar en [&hellip;]<\/p>\n","protected":false},"author":1,"featured_media":68296,"comment_status":"open","ping_status":"closed","sticky":false,"template":"","format":"standard","meta":{"_links_to":"","_links_to_target":""},"categories":[3280,3247],"tags":[140,50,439],"_links":{"self":[{"href":"https:\/\/www.locoxelrojo.com\/independiente\/wp-json\/wp\/v2\/posts\/68292"}],"collection":[{"href":"https:\/\/www.locoxelrojo.com\/independiente\/wp-json\/wp\/v2\/posts"}],"about":[{"href":"https:\/\/www.locoxelrojo.com\/independiente\/wp-json\/wp\/v2\/types\/post"}],"author":[{"embeddable":true,"href":"https:\/\/www.locoxelrojo.com\/independiente\/wp-json\/wp\/v2\/users\/1"}],"replies":[{"embeddable":true,"href":"https:\/\/www.locoxelrojo.com\/independiente\/wp-json\/wp\/v2\/comments?post=68292"}],"version-history":[{"count":0,"href":"https:\/\/www.locoxelrojo.com\/independiente\/wp-json\/wp\/v2\/posts\/68292\/revisions"}],"wp:featuredmedia":[{"embeddable":true,"href":"https:\/\/www.locoxelrojo.com\/independiente\/wp-json\/wp\/v2\/media\/68296"}],"wp:attachment":[{"href":"https:\/\/www.locoxelrojo.com\/independiente\/wp-json\/wp\/v2\/media?parent=68292"}],"wp:term":[{"taxonomy":"category","embeddable":true,"href":"https:\/\/www.locoxelrojo.com\/independiente\/wp-json\/wp\/v2\/categories?post=68292"},{"taxonomy":"post_tag","embeddable":true,"href":"https:\/\/www.locoxelrojo.com\/independiente\/wp-json\/wp\/v2\/tags?post=68292"}],"curies":[{"name":"wp","href":"https:\/\/api.w.org\/{rel}","templated":true}]}}