{"id":68304,"date":"2016-12-21T12:36:57","date_gmt":"2016-12-21T15:36:57","guid":{"rendered":"http:\/\/www.locoxelrojo.com\/independiente\/?p=68304"},"modified":"2017-01-02T21:06:05","modified_gmt":"2017-01-03T00:06:05","slug":"danza-de-nombres","status":"publish","type":"post","link":"https:\/\/www.locoxelrojo.com\/independiente\/2016\/12\/21\/danza-de-nombres\/","title":{"rendered":"Danza de nombres"},"content":{"rendered":"<p>Luego de <a href=\"https:\/\/www.locoxelrojo.com\/independiente\/2016\/12\/17\/renuncio-gabriel-milito\/\">la renuncia de Gabriel Milito<\/a> fueron varios los nombres que comenzaron a sonar, a ofrecerse y tambi\u00e9n bajarse. <a href=\"https:\/\/www.locoxelrojo.com\/independiente\/2016\/12\/20\/p-moyano-hablar-holan-pusineri-monzon\/\">Pablo Moyano fue la primera voz oficial de la Comisi\u00f3n Directiva que se refiri\u00f3 al tema<\/a> y afirm\u00f3 que en los pr\u00f3ximos d\u00edas tendr\u00e1 reuniones con: <strong>Lucas Pusineri, Pedro Monz\u00f3n, Ariel Holan y Jorge Burruchaga.<\/strong><\/p>\n<p>Con este panorama, <strong>teniendo solamente estas cuatro opciones oficialmente propuestas<\/strong>, desde LocoXelRojo, en <a href=\"https:\/\/twitter.com\/locoxelrojoweb\">nuestro Twitter<\/a>, queremos saber tu opini\u00f3n: <strong>\u00bfA qui\u00e9n de estos cuatro prefer\u00eds como sucesor de Gabriel Milito?<\/strong><\/p>\n<blockquote class=\"twitter-tweet\" data-lang=\"es\">\n<p dir=\"ltr\" lang=\"es\"><a href=\"https:\/\/twitter.com\/hashtag\/Encuesta?src=hash\">#Encuesta<\/a> De los nombres que entreg\u00f3 Pablo Moyano: \u00bfQui\u00e9n te gustar\u00eda que sea el nuevo t\u00e9cnico de <a href=\"https:\/\/twitter.com\/hashtag\/Independiente?src=hash\">#Independiente<\/a>?<\/p>\n<p>\u2014 Independiente (LXR) (@locoxelrojoweb) <a href=\"https:\/\/twitter.com\/locoxelrojoweb\/status\/811583296115273728\">21 de diciembre de 2016<\/a><\/p><\/blockquote>\n<p><script async src=\"\/\/platform.twitter.com\/widgets.js\" charset=\"utf-8\"><\/script><\/p>\n","protected":false},"excerpt":{"rendered":"<p>Luego de la renuncia de Gabriel Milito fueron varios los nombres que comenzaron a sonar, a ofrecerse y tambi\u00e9n bajarse. Pablo Moyano fue la primera voz oficial de la Comisi\u00f3n Directiva que se refiri\u00f3 al tema y afirm\u00f3 que en los pr\u00f3ximos d\u00edas tendr\u00e1 reuniones con: Lucas Pusineri, Pedro Monz\u00f3n, Ariel Holan y Jorge Burruchaga. [&hellip;]<\/p>\n","protected":false},"author":21,"featured_media":68305,"comment_status":"open","ping_status":"closed","sticky":false,"template":"","format":"standard","meta":{"_links_to":"","_links_to_target":""},"categories":[3339,3247],"tags":[2998,153,1580,145,1742],"_links":{"self":[{"href":"https:\/\/www.locoxelrojo.com\/independiente\/wp-json\/wp\/v2\/posts\/68304"}],"collection":[{"href":"https:\/\/www.locoxelrojo.com\/independiente\/wp-json\/wp\/v2\/posts"}],"about":[{"href":"https:\/\/www.locoxelrojo.com\/independiente\/wp-json\/wp\/v2\/types\/post"}],"author":[{"embeddable":true,"href":"https:\/\/www.locoxelrojo.com\/independiente\/wp-json\/wp\/v2\/users\/21"}],"replies":[{"embeddable":true,"href":"https:\/\/www.locoxelrojo.com\/independiente\/wp-json\/wp\/v2\/comments?post=68304"}],"version-history":[{"count":0,"href":"https:\/\/www.locoxelrojo.com\/independiente\/wp-json\/wp\/v2\/posts\/68304\/revisions"}],"wp:featuredmedia":[{"embeddable":true,"href":"https:\/\/www.locoxelrojo.com\/independiente\/wp-json\/wp\/v2\/media\/68305"}],"wp:attachment":[{"href":"https:\/\/www.locoxelrojo.com\/independiente\/wp-json\/wp\/v2\/media?parent=68304"}],"wp:term":[{"taxonomy":"category","embeddable":true,"href":"https:\/\/www.locoxelrojo.com\/independiente\/wp-json\/wp\/v2\/categories?post=68304"},{"taxonomy":"post_tag","embeddable":true,"href":"https:\/\/www.locoxelrojo.com\/independiente\/wp-json\/wp\/v2\/tags?post=68304"}],"curies":[{"name":"wp","href":"https:\/\/api.w.org\/{rel}","templated":true}]}}