{"id":68407,"date":"2017-01-02T18:10:22","date_gmt":"2017-01-02T21:10:22","guid":{"rendered":"http:\/\/www.locoxelrojo.com\/independiente\/?p=68407"},"modified":"2017-01-02T18:11:18","modified_gmt":"2017-01-02T21:11:18","slug":"haya-paz","status":"publish","type":"post","link":"https:\/\/www.locoxelrojo.com\/independiente\/2017\/01\/02\/haya-paz\/","title":{"rendered":"Haya paz"},"content":{"rendered":"<p><strong>A pesar de sus diferencias con Ariel Holan, Claudio Vivas lleg\u00f3 a un acuerdo para continuar como Coordinador de las Inferiores de Independiente.<\/strong><\/p>\n<p>El ex DT de Banfield lleg\u00f3 al Rojo en noviembre para reemplazar a Jorge Griffa en la conducci\u00f3n de las divisiones juveniles. Su proyecto y planificaci\u00f3n para 2017 ya estaba en marcha, pero <strong>cuando Holan fue confirmado como t\u00e9cnico de la Primera, salieron a la luz conflictos del pasado<\/strong>.<\/p>\n<p><strong><a href=\"https:\/\/www.locoxelrojo.com\/independiente\/2016\/12\/29\/vivas-la-relacion-mia-holan-no-buena\/\">Vivas blanque\u00f3 que su relaci\u00f3n con Holan no era buena<\/a><\/strong>, que le hab\u00eda costado convivir con \u00e9l en el Taladro y que por eso no estaba seguro de quedarse\u00a0en Independiente. Fue as\u00ed como\u00a0<strong>la dirigencia decidi\u00f3 intervenir<\/strong>.\u00a0El hijo del presidente habl\u00f3 con Vivas sobre aquel cortocircuito con el entrenador y <strong>lo convenci\u00f3 de seguir\u00a0con su tarea en Inferiores<\/strong>.<\/p>\n<p><strong>&#8220;El Pte. de la subcomisi\u00f3n de F\u00fatbol Amateur, Pablo Moyano, dialog\u00f3 con el coordinador Claudio Vivas, quedando confirmada su continuidad en el proyecto de Div.Inferiores&#8221;<\/strong>, inform\u00f3 el club a trav\u00e9s de un comunicado en las redes sociales.<\/p>\n","protected":false},"excerpt":{"rendered":"<p>A pesar de sus diferencias con Ariel Holan, Claudio Vivas lleg\u00f3 a un acuerdo para continuar como Coordinador de las Inferiores de Independiente. El ex DT de Banfield lleg\u00f3 al Rojo en noviembre para reemplazar a Jorge Griffa en la conducci\u00f3n de las divisiones juveniles. Su proyecto y planificaci\u00f3n para 2017 ya estaba en marcha, [&hellip;]<\/p>\n","protected":false},"author":8,"featured_media":68410,"comment_status":"open","ping_status":"closed","sticky":false,"template":"","format":"standard","meta":{"_links_to":"","_links_to_target":""},"categories":[3247,5],"tags":[2998,3338,194,439],"_links":{"self":[{"href":"https:\/\/www.locoxelrojo.com\/independiente\/wp-json\/wp\/v2\/posts\/68407"}],"collection":[{"href":"https:\/\/www.locoxelrojo.com\/independiente\/wp-json\/wp\/v2\/posts"}],"about":[{"href":"https:\/\/www.locoxelrojo.com\/independiente\/wp-json\/wp\/v2\/types\/post"}],"author":[{"embeddable":true,"href":"https:\/\/www.locoxelrojo.com\/independiente\/wp-json\/wp\/v2\/users\/8"}],"replies":[{"embeddable":true,"href":"https:\/\/www.locoxelrojo.com\/independiente\/wp-json\/wp\/v2\/comments?post=68407"}],"version-history":[{"count":0,"href":"https:\/\/www.locoxelrojo.com\/independiente\/wp-json\/wp\/v2\/posts\/68407\/revisions"}],"wp:featuredmedia":[{"embeddable":true,"href":"https:\/\/www.locoxelrojo.com\/independiente\/wp-json\/wp\/v2\/media\/68410"}],"wp:attachment":[{"href":"https:\/\/www.locoxelrojo.com\/independiente\/wp-json\/wp\/v2\/media?parent=68407"}],"wp:term":[{"taxonomy":"category","embeddable":true,"href":"https:\/\/www.locoxelrojo.com\/independiente\/wp-json\/wp\/v2\/categories?post=68407"},{"taxonomy":"post_tag","embeddable":true,"href":"https:\/\/www.locoxelrojo.com\/independiente\/wp-json\/wp\/v2\/tags?post=68407"}],"curies":[{"name":"wp","href":"https:\/\/api.w.org\/{rel}","templated":true}]}}