{"id":68493,"date":"2017-01-07T18:33:16","date_gmt":"2017-01-07T21:33:16","guid":{"rendered":"http:\/\/www.locoxelrojo.com\/independiente\/?p=68493"},"modified":"2017-01-07T18:33:16","modified_gmt":"2017-01-07T21:33:16","slug":"barboza-nombre-se-suma","status":"publish","type":"post","link":"https:\/\/www.locoxelrojo.com\/independiente\/2017\/01\/07\/barboza-nombre-se-suma\/","title":{"rendered":"Barboza, otro nombre que se suma"},"content":{"rendered":"<p><strong>El representante de Alexander Barboza se refiri\u00f3 a la posibilidad de que el defensor de Defensa y Justicia vista la camiseta de Independiente.<\/strong><\/p>\n<p>Tras <a href=\"https:\/\/www.locoxelrojo.com\/independiente\/2017\/01\/06\/cuesta-si-llega-alguna-oferta-me-gustaria-aprovecharla\/\">las declaraciones de V\u00edctor Cuesta<\/a>, <strong>quien se manifest\u00f3 con ganas de emigrar ante una buena oferta<\/strong>, los dirigentes de Independiente no se quedaron quietos y comenzaron a buscar una alternativa en el mercado local. <strong>Se trata de Barboza, un viejo conocido de Ariel Holan.<\/strong><\/p>\n<p><strong>El nacido en Villa Celina es defensor central, zurdo, tiene 21 a\u00f1os y mide 1.93.<\/strong> Su pase pertenece a River, pero est\u00e1 a pr\u00e9stamo en el Halc\u00f3n de Varela, donde a\u00fan le quedan 6 meses m\u00e1s de contrato. <strong>&#8220;Alexander quiere jugar en Independiente. River pas\u00f3 una negociaci\u00f3n, propuse un precio y ahora estoy esperando la respuesta de los dirigentes de Independiente&#8221;<\/strong>, cont\u00f3 su agente Hugo Buitrago en di\u00e1logo con TyC Sports. <strong>&#8220;Si el pase se hace, debe ser una transferencia, porque el jugador pertenece a River, pero tiene contrato con Defensa y Justicia hasta junio&#8221;<\/strong>, agreg\u00f3.<\/p>\n<p><strong>\u201cHolan es muy importante para Barboza, por lo que significa en su carrera. Creo que ser\u00eda un paso muy importante para \u00e9l, Independiente es un equipo grande. Est\u00e1 en una etapa de desarrollo y lo seduce mucho la idea, m\u00e1s aun siendo dirigido por Holan&#8221;<\/strong>, explic\u00f3.<\/p>\n<p>En el 2015 visti\u00f3 la camiseta de <strong>Atl\u00e9tico Rafaela\u00a0donde jug\u00f3 en total 13 partidos y convirti\u00f3 un gol,<\/strong> justamente al Millonario. En el 2016 lleg\u00f3 a <strong>Defensa y Justicia donde sum\u00f3 30 partidos y un gol,<\/strong> casualmente tambi\u00e9n a River.<\/p>\n","protected":false},"excerpt":{"rendered":"<p>El representante de Alexander Barboza se refiri\u00f3 a la posibilidad de que el defensor de Defensa y Justicia vista la camiseta de Independiente. Tras las declaraciones de V\u00edctor Cuesta, quien se manifest\u00f3 con ganas de emigrar ante una buena oferta, los dirigentes de Independiente no se quedaron quietos y comenzaron a buscar una alternativa en [&hellip;]<\/p>\n","protected":false},"author":1,"featured_media":68494,"comment_status":"open","ping_status":"closed","sticky":false,"template":"","format":"standard","meta":{"_links_to":"","_links_to_target":""},"categories":[3280,3247],"tags":[3370],"_links":{"self":[{"href":"https:\/\/www.locoxelrojo.com\/independiente\/wp-json\/wp\/v2\/posts\/68493"}],"collection":[{"href":"https:\/\/www.locoxelrojo.com\/independiente\/wp-json\/wp\/v2\/posts"}],"about":[{"href":"https:\/\/www.locoxelrojo.com\/independiente\/wp-json\/wp\/v2\/types\/post"}],"author":[{"embeddable":true,"href":"https:\/\/www.locoxelrojo.com\/independiente\/wp-json\/wp\/v2\/users\/1"}],"replies":[{"embeddable":true,"href":"https:\/\/www.locoxelrojo.com\/independiente\/wp-json\/wp\/v2\/comments?post=68493"}],"version-history":[{"count":0,"href":"https:\/\/www.locoxelrojo.com\/independiente\/wp-json\/wp\/v2\/posts\/68493\/revisions"}],"wp:featuredmedia":[{"embeddable":true,"href":"https:\/\/www.locoxelrojo.com\/independiente\/wp-json\/wp\/v2\/media\/68494"}],"wp:attachment":[{"href":"https:\/\/www.locoxelrojo.com\/independiente\/wp-json\/wp\/v2\/media?parent=68493"}],"wp:term":[{"taxonomy":"category","embeddable":true,"href":"https:\/\/www.locoxelrojo.com\/independiente\/wp-json\/wp\/v2\/categories?post=68493"},{"taxonomy":"post_tag","embeddable":true,"href":"https:\/\/www.locoxelrojo.com\/independiente\/wp-json\/wp\/v2\/tags?post=68493"}],"curies":[{"name":"wp","href":"https:\/\/api.w.org\/{rel}","templated":true}]}}