{"id":68509,"date":"2017-01-09T15:27:22","date_gmt":"2017-01-09T18:27:22","guid":{"rendered":"http:\/\/www.locoxelrojo.com\/independiente\/?p=68509"},"modified":"2017-01-09T15:28:17","modified_gmt":"2017-01-09T18:28:17","slug":"togni-estampo-la-firma","status":"publish","type":"post","link":"https:\/\/www.locoxelrojo.com\/independiente\/2017\/01\/09\/togni-estampo-la-firma\/","title":{"rendered":"Togni estamp\u00f3 la firma"},"content":{"rendered":"<p><strong>Gast\u00f3n Togni firm\u00f3 su primer contrato profesional con Independiente hasta junio de 2021.<\/strong><\/p>\n<p><strong>Finalmente, el zurdo de 19 firm\u00f3 este lunes su contrato por cuatro a\u00f1os y medio.<\/strong> Era una de <a href=\"https:\/\/www.locoxelrojo.com\/independiente\/2017\/01\/05\/primer-contrato-varios\/\">las promesas de Independiente que faltaba sellar su v\u00ednculo con el club<\/a>. <strong>Con la llegada de Ariel Holan fue promovido a Primera Divisi\u00f3n<\/strong> y <a href=\"https:\/\/www.locoxelrojo.com\/independiente\/2017\/01\/05\/holan-subira-siete-juveniles\/\">actualmente se encuentra haciendo la pretemporada junto a otros seis juveniles<\/a>.<\/p>\n<p><strong>Lleg\u00f3 a Independiente con 17 a\u00f1os desde Coronel Granados en la localidad de Villa Francia, provincia de Buenos Aires, de la mano de Jorge Griffa y Francisco S\u00e1.<\/strong> Vivi\u00f3 un tiempo en la pensi\u00f3n de Villa Dom\u00ednico, pero eso ya es historia pasada. <strong>Delantero, aunque su puesto original es extremo por izquierda.<\/strong><\/p>\n<p><strong>Tuvo un paso muy bueno por Divisiones Inferiores y r\u00e1pidamente subi\u00f3 a la Reserva<\/strong>, donde a fuerza de buen f\u00fatbol y goles se gan\u00f3 la confianza de Ber\u00f3n, la consideraci\u00f3n de Gabriel Milito, quien tambi\u00e9n lo ten\u00eda en mente para la pretemporada, y este contrato a largo plazo.<\/p>\n","protected":false},"excerpt":{"rendered":"<p>Gast\u00f3n Togni firm\u00f3 su primer contrato profesional con Independiente hasta junio de 2021. Finalmente, el zurdo de 19 firm\u00f3 este lunes su contrato por cuatro a\u00f1os y medio. Era una de las promesas de Independiente que faltaba sellar su v\u00ednculo con el club. Con la llegada de Ariel Holan fue promovido a Primera Divisi\u00f3n y [&hellip;]<\/p>\n","protected":false},"author":1,"featured_media":68511,"comment_status":"open","ping_status":"closed","sticky":false,"template":"","format":"standard","meta":{"_links_to":"","_links_to_target":""},"categories":[3247,3],"tags":[3166],"_links":{"self":[{"href":"https:\/\/www.locoxelrojo.com\/independiente\/wp-json\/wp\/v2\/posts\/68509"}],"collection":[{"href":"https:\/\/www.locoxelrojo.com\/independiente\/wp-json\/wp\/v2\/posts"}],"about":[{"href":"https:\/\/www.locoxelrojo.com\/independiente\/wp-json\/wp\/v2\/types\/post"}],"author":[{"embeddable":true,"href":"https:\/\/www.locoxelrojo.com\/independiente\/wp-json\/wp\/v2\/users\/1"}],"replies":[{"embeddable":true,"href":"https:\/\/www.locoxelrojo.com\/independiente\/wp-json\/wp\/v2\/comments?post=68509"}],"version-history":[{"count":0,"href":"https:\/\/www.locoxelrojo.com\/independiente\/wp-json\/wp\/v2\/posts\/68509\/revisions"}],"wp:featuredmedia":[{"embeddable":true,"href":"https:\/\/www.locoxelrojo.com\/independiente\/wp-json\/wp\/v2\/media\/68511"}],"wp:attachment":[{"href":"https:\/\/www.locoxelrojo.com\/independiente\/wp-json\/wp\/v2\/media?parent=68509"}],"wp:term":[{"taxonomy":"category","embeddable":true,"href":"https:\/\/www.locoxelrojo.com\/independiente\/wp-json\/wp\/v2\/categories?post=68509"},{"taxonomy":"post_tag","embeddable":true,"href":"https:\/\/www.locoxelrojo.com\/independiente\/wp-json\/wp\/v2\/tags?post=68509"}],"curies":[{"name":"wp","href":"https:\/\/api.w.org\/{rel}","templated":true}]}}