{"id":68534,"date":"2017-01-10T21:40:47","date_gmt":"2017-01-11T00:40:47","guid":{"rendered":"http:\/\/www.locoxelrojo.com\/independiente\/?p=68534"},"modified":"2017-01-10T21:59:25","modified_gmt":"2017-01-11T00:59:25","slug":"doble-turno-viaje-lujan","status":"publish","type":"post","link":"https:\/\/www.locoxelrojo.com\/independiente\/2017\/01\/10\/doble-turno-viaje-lujan\/","title":{"rendered":"Doble turno y viaje a Luj\u00e1n"},"content":{"rendered":"<p><strong>El plantel de Independiente se entren\u00f3 en doble turno en Villa Dom\u00ednico y luego viaj\u00f3 a Luj\u00e1n para continuar con la parte m\u00e1s exigente de la pretemporada.<\/strong><\/p>\n<p>La jornada matutina empez\u00f3\u00a0con an\u00e1lisis de rutina para todos los jugadores. Tras una entrada en calor en el gimnasio del Centro de Alto Rendimiento, <strong>Ariel Holan organiz\u00f3\u00a0una pr\u00e1ctica con ejercicios con pelota en ataque y defensa, algo que luego se repetir\u00eda en el\u00a0entrenamiento de la tarde<\/strong>.<\/p>\n<p><strong>En el predio estuvo presente\u00a0Claudio Aquino<\/strong>, quien se est\u00e1 por desvincular de\u00a0Fluminense (rescindir\u00e1 su pr\u00e9stamo) y no ser\u00e1 tenido en cuenta en el Rojo. <strong>Posiblemente siga su carrera en Belgrano de C\u00f3rdoba<\/strong>.<\/p>\n<p>En cuanto a los lesionados, <strong>Leandro Fern\u00e1ndez continu\u00f3 con la recuperaci\u00f3n de su rodilla<\/strong>, mientras que <strong>Juan S\u00e1nchez Mi\u00f1o y Hern\u00e1n Pellerano\u00a0se entrenaron de manera diferenciada<\/strong> para terminar de aliviar sus molestias.<\/p>\n<p>Despu\u00e9s de la pr\u00e1ctica vespertina, <strong>el plantel emprendi\u00f3 viaje a Luj\u00e1n<\/strong>, donde realizar\u00e1n la segunda etapa de la pretemporada. Se hospedar\u00e1n por <strong>una semana en el Hotel Howard Johnson<\/strong> <strong>y se entrenar\u00e1n en el Complejo Las Praderas<\/strong>.<\/p>\n<p>&nbsp;<\/p>\n","protected":false},"excerpt":{"rendered":"<p>El plantel de Independiente se entren\u00f3 en doble turno en Villa Dom\u00ednico y luego viaj\u00f3 a Luj\u00e1n para continuar con la parte m\u00e1s exigente de la pretemporada. La jornada matutina empez\u00f3\u00a0con an\u00e1lisis de rutina para todos los jugadores. Tras una entrada en calor en el gimnasio del Centro de Alto Rendimiento, Ariel Holan organiz\u00f3\u00a0una pr\u00e1ctica [&hellip;]<\/p>\n","protected":false},"author":8,"featured_media":68535,"comment_status":"open","ping_status":"closed","sticky":false,"template":"","format":"standard","meta":{"_links_to":"","_links_to_target":""},"categories":[3247,3],"tags":[2319,26,2972,3369,172],"_links":{"self":[{"href":"https:\/\/www.locoxelrojo.com\/independiente\/wp-json\/wp\/v2\/posts\/68534"}],"collection":[{"href":"https:\/\/www.locoxelrojo.com\/independiente\/wp-json\/wp\/v2\/posts"}],"about":[{"href":"https:\/\/www.locoxelrojo.com\/independiente\/wp-json\/wp\/v2\/types\/post"}],"author":[{"embeddable":true,"href":"https:\/\/www.locoxelrojo.com\/independiente\/wp-json\/wp\/v2\/users\/8"}],"replies":[{"embeddable":true,"href":"https:\/\/www.locoxelrojo.com\/independiente\/wp-json\/wp\/v2\/comments?post=68534"}],"version-history":[{"count":0,"href":"https:\/\/www.locoxelrojo.com\/independiente\/wp-json\/wp\/v2\/posts\/68534\/revisions"}],"wp:featuredmedia":[{"embeddable":true,"href":"https:\/\/www.locoxelrojo.com\/independiente\/wp-json\/wp\/v2\/media\/68535"}],"wp:attachment":[{"href":"https:\/\/www.locoxelrojo.com\/independiente\/wp-json\/wp\/v2\/media?parent=68534"}],"wp:term":[{"taxonomy":"category","embeddable":true,"href":"https:\/\/www.locoxelrojo.com\/independiente\/wp-json\/wp\/v2\/categories?post=68534"},{"taxonomy":"post_tag","embeddable":true,"href":"https:\/\/www.locoxelrojo.com\/independiente\/wp-json\/wp\/v2\/tags?post=68534"}],"curies":[{"name":"wp","href":"https:\/\/api.w.org\/{rel}","templated":true}]}}