{"id":68550,"date":"2017-01-11T17:50:05","date_gmt":"2017-01-11T20:50:05","guid":{"rendered":"http:\/\/www.locoxelrojo.com\/independiente\/?p=68550"},"modified":"2017-01-11T18:26:44","modified_gmt":"2017-01-11T21:26:44","slug":"spinosa-seis-meses-erviti-reve-situacion-jugar-banfield","status":"publish","type":"post","link":"https:\/\/www.locoxelrojo.com\/independiente\/2017\/01\/11\/spinosa-seis-meses-erviti-reve-situacion-jugar-banfield\/","title":{"rendered":"Spinosa: &#8220;Cada seis meses, Erviti rev\u00e9 su situaci\u00f3n de jugar en Banfield&#8221;"},"content":{"rendered":"<p><strong>Eduardo Spinosa<\/strong>\u00a0se mostr\u00f3 molesto por la actitud de\u00a0<strong>Walter Erviti<\/strong>\u00a0de especular con su salida\u00a0de\u00a0Banfield en cada semestre.\u00a0Adem\u00e1s, le puso un freno a las intenciones de Independiente.<\/p>\n<p><strong>&#8220;Tuvimos muchas reuniones privadas con Walter. Cada seis meses \u00e9l rev\u00e9 su situaci\u00f3n de jugar en el club, es algo que venimos viendo hace mucho&#8221;<\/strong>, solt\u00f3 el presidente del Taladro en conferencia de prensa,\u00a0y se refiri\u00f3 al inter\u00e9s del Rojo: <strong>&#8220;Si llega a ser Independiente como dicen, charlaremos.\u00a0Veremos pero no hay nada definido&#8221;<\/strong>.<\/p>\n<p>Spinosa anticip\u00f3 que se sentar\u00e1 a dialogar con sus pares de Avellaneda, pero dej\u00f3 en claro que no hay nada avanzado.\u00a0<strong>&#8220;Estoy charlando con Walter y seguramente charle con Yoyo (Maldonado) y Hugo (Moyano), pero del tema de Erviti a Independiente no voy a hablar hasta que la situaci\u00f3n est\u00e9 m\u00e1s clara&#8221;<\/strong>, explic\u00f3.<\/p>\n<p>Banfield es uno de\u00a0los clubes seriamente comprometidos en lo econ\u00f3mico y atraviesa d\u00edas dif\u00edciles, al punto que sus jugadores deciden no entrenarse por falta de pago.\u00a0Ante la permanente consulta por Erviti, el m\u00e1ximo dirigente\u00a0dio a entender que no est\u00e1 enfocado en comprar y vender jugadores. <strong>&#8220;Estamos hablando todav\u00eda de ciencia ficci\u00f3n. No sabemos si va a arrancar el f\u00fatbol, cu\u00e1ndo se va a jugar y si se va a poder incorporar&#8221;<\/strong>, cerr\u00f3.<\/p>\n","protected":false},"excerpt":{"rendered":"<p>Eduardo Spinosa\u00a0se mostr\u00f3 molesto por la actitud de\u00a0Walter Erviti\u00a0de especular con su salida\u00a0de\u00a0Banfield en cada semestre.\u00a0Adem\u00e1s, le puso un freno a las intenciones de Independiente. &#8220;Tuvimos muchas reuniones privadas con Walter. Cada seis meses \u00e9l rev\u00e9 su situaci\u00f3n de jugar en el club, es algo que venimos viendo hace mucho&#8221;, solt\u00f3 el presidente del Taladro [&hellip;]<\/p>\n","protected":false},"author":8,"featured_media":68551,"comment_status":"open","ping_status":"closed","sticky":false,"template":"","format":"standard","meta":{"_links_to":"","_links_to_target":""},"categories":[3280,3247],"tags":[677,2891,2041],"_links":{"self":[{"href":"https:\/\/www.locoxelrojo.com\/independiente\/wp-json\/wp\/v2\/posts\/68550"}],"collection":[{"href":"https:\/\/www.locoxelrojo.com\/independiente\/wp-json\/wp\/v2\/posts"}],"about":[{"href":"https:\/\/www.locoxelrojo.com\/independiente\/wp-json\/wp\/v2\/types\/post"}],"author":[{"embeddable":true,"href":"https:\/\/www.locoxelrojo.com\/independiente\/wp-json\/wp\/v2\/users\/8"}],"replies":[{"embeddable":true,"href":"https:\/\/www.locoxelrojo.com\/independiente\/wp-json\/wp\/v2\/comments?post=68550"}],"version-history":[{"count":0,"href":"https:\/\/www.locoxelrojo.com\/independiente\/wp-json\/wp\/v2\/posts\/68550\/revisions"}],"wp:featuredmedia":[{"embeddable":true,"href":"https:\/\/www.locoxelrojo.com\/independiente\/wp-json\/wp\/v2\/media\/68551"}],"wp:attachment":[{"href":"https:\/\/www.locoxelrojo.com\/independiente\/wp-json\/wp\/v2\/media?parent=68550"}],"wp:term":[{"taxonomy":"category","embeddable":true,"href":"https:\/\/www.locoxelrojo.com\/independiente\/wp-json\/wp\/v2\/categories?post=68550"},{"taxonomy":"post_tag","embeddable":true,"href":"https:\/\/www.locoxelrojo.com\/independiente\/wp-json\/wp\/v2\/tags?post=68550"}],"curies":[{"name":"wp","href":"https:\/\/api.w.org\/{rel}","templated":true}]}}