{"id":68552,"date":"2017-01-11T19:05:06","date_gmt":"2017-01-11T22:05:06","guid":{"rendered":"http:\/\/www.locoxelrojo.com\/independiente\/?p=68552"},"modified":"2017-01-11T19:25:34","modified_gmt":"2017-01-11T22:25:34","slug":"villalba-renovo-contrato-cambio-club","status":"publish","type":"post","link":"https:\/\/www.locoxelrojo.com\/independiente\/2017\/01\/11\/villalba-renovo-contrato-cambio-club\/","title":{"rendered":"Villalba renov\u00f3 contrato y cambi\u00f3 de club"},"content":{"rendered":"<p><strong>Lucas Villalba rescindi\u00f3 su pr\u00e9stamo en\u00a0Atl\u00e9tico Tucum\u00e1n, renov\u00f3 su contrato con Independiente y arregl\u00f3 su llegada a Hurac\u00e1n, cedido por 18 meses.<\/strong><\/p>\n<p>El ex defensor del Rojo <strong>hab\u00eda desembarcado\u00a0en el Decano a principios de 2016 y tuvo un buen desempe\u00f1o<\/strong>. Registr\u00f3 23 partidos -15 como titular- sin convertir goles.\u00a0Poco despu\u00e9s, <strong>el t\u00e9cnico Juan Manuel Azconz\u00e1bal renunci\u00f3\u00a0a su cargo, arregl\u00f3 su llegada al Globo y enseguida pidi\u00f3 a Villalba como refuerzo<\/strong>.<\/p>\n<p>Lucas decidi\u00f3\u00a0rescindir su pr\u00e9stamo en Atl\u00e9tico Tucum\u00e1n y sumarse a Hurac\u00e1n, pero\u00a0como le quedaban s\u00f3lo seis meses de\u00a0contrato con Independiente, <strong>se lleg\u00f3 a un acuerdo para extender su\u00a0v\u00ednculo con el Rojo\u00a0hasta junio de 2019<\/strong>.<\/p>\n<p>El siguiente paso fue\u00a0hacer oficial el\u00a0<strong>pr\u00e9stamo de Villalba al Globo por 18 meses, sin cargo y con una opci\u00f3n de compra de 1 mill\u00f3n de d\u00f3lares por el 70% de su pase<\/strong>.<\/p>\n","protected":false},"excerpt":{"rendered":"<p>Lucas Villalba rescindi\u00f3 su pr\u00e9stamo en\u00a0Atl\u00e9tico Tucum\u00e1n, renov\u00f3 su contrato con Independiente y arregl\u00f3 su llegada a Hurac\u00e1n, cedido por 18 meses. El ex defensor del Rojo hab\u00eda desembarcado\u00a0en el Decano a principios de 2016 y tuvo un buen desempe\u00f1o. Registr\u00f3 23 partidos -15 como titular- sin convertir goles.\u00a0Poco despu\u00e9s, el t\u00e9cnico Juan Manuel Azconz\u00e1bal [&hellip;]<\/p>\n","protected":false},"author":8,"featured_media":68553,"comment_status":"open","ping_status":"closed","sticky":false,"template":"","format":"standard","meta":{"_links_to":"","_links_to_target":""},"categories":[3297,3247],"tags":[297,310,93,3298],"_links":{"self":[{"href":"https:\/\/www.locoxelrojo.com\/independiente\/wp-json\/wp\/v2\/posts\/68552"}],"collection":[{"href":"https:\/\/www.locoxelrojo.com\/independiente\/wp-json\/wp\/v2\/posts"}],"about":[{"href":"https:\/\/www.locoxelrojo.com\/independiente\/wp-json\/wp\/v2\/types\/post"}],"author":[{"embeddable":true,"href":"https:\/\/www.locoxelrojo.com\/independiente\/wp-json\/wp\/v2\/users\/8"}],"replies":[{"embeddable":true,"href":"https:\/\/www.locoxelrojo.com\/independiente\/wp-json\/wp\/v2\/comments?post=68552"}],"version-history":[{"count":0,"href":"https:\/\/www.locoxelrojo.com\/independiente\/wp-json\/wp\/v2\/posts\/68552\/revisions"}],"wp:featuredmedia":[{"embeddable":true,"href":"https:\/\/www.locoxelrojo.com\/independiente\/wp-json\/wp\/v2\/media\/68553"}],"wp:attachment":[{"href":"https:\/\/www.locoxelrojo.com\/independiente\/wp-json\/wp\/v2\/media?parent=68552"}],"wp:term":[{"taxonomy":"category","embeddable":true,"href":"https:\/\/www.locoxelrojo.com\/independiente\/wp-json\/wp\/v2\/categories?post=68552"},{"taxonomy":"post_tag","embeddable":true,"href":"https:\/\/www.locoxelrojo.com\/independiente\/wp-json\/wp\/v2\/tags?post=68552"}],"curies":[{"name":"wp","href":"https:\/\/api.w.org\/{rel}","templated":true}]}}