{"id":68586,"date":"2017-01-13T15:35:26","date_gmt":"2017-01-13T18:35:26","guid":{"rendered":"http:\/\/www.locoxelrojo.com\/independiente\/?p=68586"},"modified":"2017-01-13T15:35:26","modified_gmt":"2017-01-13T18:35:26","slug":"la-negociacion-por-nery-avanza","status":"publish","type":"post","link":"https:\/\/www.locoxelrojo.com\/independiente\/2017\/01\/13\/la-negociacion-por-nery-avanza\/","title":{"rendered":"La negociaci\u00f3n por Nery avanza"},"content":{"rendered":"<p><strong>Los dirigentes de Independiente realizaron una oferta por Nery Dom\u00ednguez.<\/strong><\/p>\n<p>Cuando d\u00edas atr\u00e1s parec\u00eda <a href=\"https:\/\/www.locoxelrojo.com\/independiente\/2017\/01\/10\/nery-dominguez-una-alternativa-complicada\/\">la alternativa m\u00e1s complicada<\/a>, con el correr de los d\u00edas y el <a href=\"https:\/\/www.locoxelrojo.com\/independiente\/2017\/01\/10\/domingo-cabeza-esta-puesta-river-no-me-parece-bien-irme\/\">no de Nicol\u00e1s Domingo<\/a>, el nombre de Dom\u00ednguez comenz\u00f3 a tomar mucha fuerza. Tal es as\u00ed, que <strong>los dirigentes de Independiente ofertaron formalmente al Quer\u00e9taro de M\u00e9xico un pr\u00e9stamo por el volante.<\/strong><\/p>\n<p><!-- Pontamedia Survey Tag \/\/--><\/p>\n<div id=\"brandencuesta\"><\/div>\n<p><script type=\"text\/javascript\" src=\"\/\/api.pontamedia.net\/survey.php?p=YToyOntzOjE6ImsiO3M6NDA6IjU3N2VlOTYzMGJjNWUwNWJlZDQ2MDk4YWJmZDZlZjZmMDFkMzQ1M2MiO3M6NjoicG9sbElkIjtpOjQwMTM7fQ==&#038;lang=es\" async><\/script><br \/>\n<!-- End Pontamedia Survey Tag \/\/--><\/p>\n<p>Seg\u00fan pudo averiguar LocoXelRojo con un dirigente, <strong>la oferta ser\u00eda un\u00a0pr\u00e9stamo por 12 meses sin cargo y con una opci\u00f3n de compra de 4.000.000 de d\u00f3lares<\/strong>. Su representante, Gerardo Gironelli, nos cont\u00f3 que <strong>desde Independiente hicieron la oferta sabiendo lo que Nery cobra en M\u00e9xico y que el contrato del volante no ser\u00eda un impedimento para su llegada.<\/strong><\/p>\n","protected":false},"excerpt":{"rendered":"<p>Los dirigentes de Independiente realizaron una oferta por Nery Dom\u00ednguez. Cuando d\u00edas atr\u00e1s parec\u00eda la alternativa m\u00e1s complicada, con el correr de los d\u00edas y el no de Nicol\u00e1s Domingo, el nombre de Dom\u00ednguez comenz\u00f3 a tomar mucha fuerza. Tal es as\u00ed, que los dirigentes de Independiente ofertaron formalmente al Quer\u00e9taro de M\u00e9xico un pr\u00e9stamo [&hellip;]<\/p>\n","protected":false},"author":1,"featured_media":68587,"comment_status":"open","ping_status":"closed","sticky":false,"template":"","format":"standard","meta":{"_links_to":"","_links_to_target":""},"categories":[3280,3247],"tags":[3371],"_links":{"self":[{"href":"https:\/\/www.locoxelrojo.com\/independiente\/wp-json\/wp\/v2\/posts\/68586"}],"collection":[{"href":"https:\/\/www.locoxelrojo.com\/independiente\/wp-json\/wp\/v2\/posts"}],"about":[{"href":"https:\/\/www.locoxelrojo.com\/independiente\/wp-json\/wp\/v2\/types\/post"}],"author":[{"embeddable":true,"href":"https:\/\/www.locoxelrojo.com\/independiente\/wp-json\/wp\/v2\/users\/1"}],"replies":[{"embeddable":true,"href":"https:\/\/www.locoxelrojo.com\/independiente\/wp-json\/wp\/v2\/comments?post=68586"}],"version-history":[{"count":0,"href":"https:\/\/www.locoxelrojo.com\/independiente\/wp-json\/wp\/v2\/posts\/68586\/revisions"}],"wp:featuredmedia":[{"embeddable":true,"href":"https:\/\/www.locoxelrojo.com\/independiente\/wp-json\/wp\/v2\/media\/68587"}],"wp:attachment":[{"href":"https:\/\/www.locoxelrojo.com\/independiente\/wp-json\/wp\/v2\/media?parent=68586"}],"wp:term":[{"taxonomy":"category","embeddable":true,"href":"https:\/\/www.locoxelrojo.com\/independiente\/wp-json\/wp\/v2\/categories?post=68586"},{"taxonomy":"post_tag","embeddable":true,"href":"https:\/\/www.locoxelrojo.com\/independiente\/wp-json\/wp\/v2\/tags?post=68586"}],"curies":[{"name":"wp","href":"https:\/\/api.w.org\/{rel}","templated":true}]}}