{"id":68698,"date":"2017-01-23T14:37:23","date_gmt":"2017-01-23T17:37:23","guid":{"rendered":"http:\/\/www.locoxelrojo.com\/independiente\/?p=68698"},"modified":"2017-01-23T14:37:23","modified_gmt":"2017-01-23T17:37:23","slug":"maldonado-hugo-moyano-va-la-reeleccion","status":"publish","type":"post","link":"https:\/\/www.locoxelrojo.com\/independiente\/2017\/01\/23\/maldonado-hugo-moyano-va-la-reeleccion\/","title":{"rendered":"Maldonado: &#8220;Hugo Moyano va por la reelecci\u00f3n&#8221;"},"content":{"rendered":"<p>El secretario general de Independiente, <strong>H\u00e9ctor Maldonado<\/strong>, afirm\u00f3 que el presidente del Rojo se presentar\u00e1 en las pr\u00f3ximas elecciones en busca de su segundo mandato consecutivo.<\/p>\n<p>En declaraciones con\u00a0Radio La Red, Yoyo\u00a0confirm\u00f3 qui\u00e9n liderar\u00e1 la lista de Agrupaci\u00f3n Independiente para los pr\u00f3ximos comicios a realizarse a fin de a\u00f1o. <strong>&#8220;Hugo Moyano va por la reelecci\u00f3n&#8221;<\/strong>, avis\u00f3.<\/p>\n<p>Tambi\u00e9n se refiri\u00f3 a la posible llegada de dos refuerzos que\u00a0sonaron para el plantel de Ariel Holan. <strong>&#8220;Esperamos que (Walter) Erviti y (Nery) Dom\u00ednguez puedan solucionar sus cuestiones en breve y ser\u00e1n jugadores del club&#8221;<\/strong>, indic\u00f3.<\/p>\n<p>Sobre el final, Maldonado habl\u00f3 de la salida de Claudio Vivas y\u00a0admiti\u00f3 que \u00e9l dej\u00f3 la instituci\u00f3n y no que la Comisi\u00f3n Directiva lo ech\u00f3, como se hab\u00eda rumoreado. <strong>&#8220;Vivas me llam\u00f3 para decirme que renunciaba por diferencias con Holan&#8221;<\/strong>, concluy\u00f3.<\/p>\n","protected":false},"excerpt":{"rendered":"<p>El secretario general de Independiente, H\u00e9ctor Maldonado, afirm\u00f3 que el presidente del Rojo se presentar\u00e1 en las pr\u00f3ximas elecciones en busca de su segundo mandato consecutivo. En declaraciones con\u00a0Radio La Red, Yoyo\u00a0confirm\u00f3 qui\u00e9n liderar\u00e1 la lista de Agrupaci\u00f3n Independiente para los pr\u00f3ximos comicios a realizarse a fin de a\u00f1o. &#8220;Hugo Moyano va por la reelecci\u00f3n&#8221;, [&hellip;]<\/p>\n","protected":false},"author":19,"featured_media":68700,"comment_status":"open","ping_status":"closed","sticky":false,"template":"","format":"standard","meta":{"_links_to":"","_links_to_target":""},"categories":[3280,3247],"tags":[129],"_links":{"self":[{"href":"https:\/\/www.locoxelrojo.com\/independiente\/wp-json\/wp\/v2\/posts\/68698"}],"collection":[{"href":"https:\/\/www.locoxelrojo.com\/independiente\/wp-json\/wp\/v2\/posts"}],"about":[{"href":"https:\/\/www.locoxelrojo.com\/independiente\/wp-json\/wp\/v2\/types\/post"}],"author":[{"embeddable":true,"href":"https:\/\/www.locoxelrojo.com\/independiente\/wp-json\/wp\/v2\/users\/19"}],"replies":[{"embeddable":true,"href":"https:\/\/www.locoxelrojo.com\/independiente\/wp-json\/wp\/v2\/comments?post=68698"}],"version-history":[{"count":0,"href":"https:\/\/www.locoxelrojo.com\/independiente\/wp-json\/wp\/v2\/posts\/68698\/revisions"}],"wp:featuredmedia":[{"embeddable":true,"href":"https:\/\/www.locoxelrojo.com\/independiente\/wp-json\/wp\/v2\/media\/68700"}],"wp:attachment":[{"href":"https:\/\/www.locoxelrojo.com\/independiente\/wp-json\/wp\/v2\/media?parent=68698"}],"wp:term":[{"taxonomy":"category","embeddable":true,"href":"https:\/\/www.locoxelrojo.com\/independiente\/wp-json\/wp\/v2\/categories?post=68698"},{"taxonomy":"post_tag","embeddable":true,"href":"https:\/\/www.locoxelrojo.com\/independiente\/wp-json\/wp\/v2\/tags?post=68698"}],"curies":[{"name":"wp","href":"https:\/\/api.w.org\/{rel}","templated":true}]}}