{"id":68699,"date":"2017-01-23T15:17:35","date_gmt":"2017-01-23T18:17:35","guid":{"rendered":"http:\/\/www.locoxelrojo.com\/independiente\/?p=68699"},"modified":"2017-01-23T15:24:09","modified_gmt":"2017-01-23T18:24:09","slug":"rigoni-hoy-la-cabeza-independiente","status":"publish","type":"post","link":"https:\/\/www.locoxelrojo.com\/independiente\/2017\/01\/23\/rigoni-hoy-la-cabeza-independiente\/","title":{"rendered":"Rigoni: &#8220;Hoy tengo la cabeza en Independiente&#8221;"},"content":{"rendered":"<p><strong>Emiliano Rigoni habl\u00f3 en la previa del Cl\u00e1sico de Avellaneda con Racing y se refiri\u00f3 a su futuro en el club.<\/strong><\/p>\n<p>Rigoni es uno de los jugadores que podr\u00eda emigrar en este mercado de pases. Su representante est\u00e1 trabajando en una oferta del exterior que ser\u00eda irresistible para Independiente. Sin embargo, el volante cordob\u00e9s se mantiene al margen: <strong>&#8220;La cabeza la tengo ac\u00e1, porque hoy estoy ac\u00e1 y no s\u00e9 que puede pasar. S\u00e9 que se ha hablado de eso, pero son cosas que las manejan mi representante y los dirigentes&#8221;<\/strong>.<\/p>\n<p><!-- Pontamedia Survey Tag \/\/--><\/p>\n<div id=\"brandencuesta\"><\/div>\n<p><script type=\"text\/javascript\" src=\"\/\/api.pontamedia.net\/survey.php?p=YToyOntzOjE6ImsiO3M6NDA6IjU3N2VlOTYzMGJjNWUwNWJlZDQ2MDk4YWJmZDZlZjZmMDFkMzQ1M2MiO3M6NjoicG9sbElkIjtpOjQxNjg7fQ==&#038;lang=es\" async><\/script><\/p>\n<p>Luego, cont\u00f3 como vienen llevando la pretemporada en este nuevo ciclo de Ariel Holan. <strong>&#8220;En estos \u00faltimos d\u00edas los profes nos est\u00e1n comenzando a bajar un poco las cargas, pero la semana en Luj\u00e1n fue muy dura e intensa&#8221;<\/strong>, expres\u00f3 en di\u00e1logo con Radio La Red. Adem\u00e1s, explic\u00f3 que tuvo una charla con el t\u00e9cnico sobre su ubicaci\u00f3n dentro de la cancha: <strong>&#8220;Holan me ve como un volante interno, pero sabe bien que yo me siento c\u00f3modo por afuera. Es una posici\u00f3n que me favorece para mi juego. Me gusta jugar con espacios para adelante&#8221;. <\/strong>Y a\u00f1adi\u00f3: <strong>&#8220;Van pocos d\u00edas del proceso de Ariel, pero ya se va viendo que su idea es muy similar a la de Gaby (Milito)\u201d.<\/strong><\/p>\n<p>En cuanto a las salidas de Jorge Ort\u00edz y Hern\u00e1n Pellerano, dijo:<strong> &#8220;A m\u00ed me sorprendieron sus salidas. Ellos eran dos referentes para el equipo y personas que tiraron para adelante siempre. Me doli\u00f3 que dejaran el club, pero me deja tranquilo que puedan crecer en otros lugares&#8221;<\/strong>.<\/p>\n<p>Para finalizar, dio su opini\u00f3n sobre la presi\u00f3n de los hinchas y la necesidad de ganar un t\u00edtulo. <strong>&#8220;Nosotros tratamos de tomarnos todo con tranquilidad, porque sabemos que estamos dando todo para poder lograrlo. Para m\u00ed, ganar un t\u00edtulo con Independiente ser\u00eda lo m\u00e1ximo&#8221;<\/strong>, cerr\u00f3.<\/p>\n","protected":false},"excerpt":{"rendered":"<p>Emiliano Rigoni habl\u00f3 en la previa del Cl\u00e1sico de Avellaneda con Racing y se refiri\u00f3 a su futuro en el club. Rigoni es uno de los jugadores que podr\u00eda emigrar en este mercado de pases. Su representante est\u00e1 trabajando en una oferta del exterior que ser\u00eda irresistible para Independiente. Sin embargo, el volante cordob\u00e9s se [&hellip;]<\/p>\n","protected":false},"author":1,"featured_media":68701,"comment_status":"open","ping_status":"closed","sticky":false,"template":"","format":"standard","meta":{"_links_to":"","_links_to_target":""},"categories":[3247,3],"tags":[2835],"_links":{"self":[{"href":"https:\/\/www.locoxelrojo.com\/independiente\/wp-json\/wp\/v2\/posts\/68699"}],"collection":[{"href":"https:\/\/www.locoxelrojo.com\/independiente\/wp-json\/wp\/v2\/posts"}],"about":[{"href":"https:\/\/www.locoxelrojo.com\/independiente\/wp-json\/wp\/v2\/types\/post"}],"author":[{"embeddable":true,"href":"https:\/\/www.locoxelrojo.com\/independiente\/wp-json\/wp\/v2\/users\/1"}],"replies":[{"embeddable":true,"href":"https:\/\/www.locoxelrojo.com\/independiente\/wp-json\/wp\/v2\/comments?post=68699"}],"version-history":[{"count":0,"href":"https:\/\/www.locoxelrojo.com\/independiente\/wp-json\/wp\/v2\/posts\/68699\/revisions"}],"wp:featuredmedia":[{"embeddable":true,"href":"https:\/\/www.locoxelrojo.com\/independiente\/wp-json\/wp\/v2\/media\/68701"}],"wp:attachment":[{"href":"https:\/\/www.locoxelrojo.com\/independiente\/wp-json\/wp\/v2\/media?parent=68699"}],"wp:term":[{"taxonomy":"category","embeddable":true,"href":"https:\/\/www.locoxelrojo.com\/independiente\/wp-json\/wp\/v2\/categories?post=68699"},{"taxonomy":"post_tag","embeddable":true,"href":"https:\/\/www.locoxelrojo.com\/independiente\/wp-json\/wp\/v2\/tags?post=68699"}],"curies":[{"name":"wp","href":"https:\/\/api.w.org\/{rel}","templated":true}]}}