{"id":68702,"date":"2017-01-23T15:52:26","date_gmt":"2017-01-23T18:52:26","guid":{"rendered":"http:\/\/www.locoxelrojo.com\/independiente\/?p=68702"},"modified":"2017-01-23T15:52:26","modified_gmt":"2017-01-23T18:52:26","slug":"con-dudas-para-el-clasico","status":"publish","type":"post","link":"https:\/\/www.locoxelrojo.com\/independiente\/2017\/01\/23\/con-dudas-para-el-clasico\/","title":{"rendered":"Con dudas para el cl\u00e1sico"},"content":{"rendered":"<p><strong>Independiente y Racing juegan este lunes el Cl\u00e1sico de Avellaneda en Salta<\/strong>. Ariel Holan no confirm\u00f3 el equipo y todav\u00eda tiene algunas dudas. <a href=\"https:\/\/www.locoxelrojo.com\/independiente\/2017\/01\/22\/arbitro-del-clasico-ante-racing\/\">El \u00e1rbitro del encuentro ser\u00e1 Patricio Loustau<\/a>.<\/p>\n<p>A partir de las 22:10 en el estadio Padre Martearena de Salta Independiente jugar\u00e1 su segundo partido de verano. <strong>En esta oportunidad el t\u00e9cnico pondr\u00e1 en cancha a la gran mayor\u00eda de los titulares<\/strong>, a diferencia de lo que ocurri\u00f3 en el empate con Atl\u00e9tico Tucum\u00e1n.<\/p>\n<p><strong>Dami\u00e1n Mart\u00ednez present\u00f3 un leve cuadro febril, pero ya est\u00e1 mejor y seguramente ser\u00e1 de la partida<\/strong>. En caso de no llegar, su reemplazante ser\u00eda Gustavo Toledo. <strong>Ante la ausencia de Nicol\u00e1s Figal, se le abrir\u00eda la chance al juvenil Alan Franco de tener su presentaci\u00f3n en Primera<\/strong>. La duda en el mediocampo pasa por la inclusi\u00f3n de<strong> <a href=\"https:\/\/www.locoxelrojo.com\/independiente\/2017\/01\/23\/rigoni-hoy-la-cabeza-independiente\/\">Emiliano Rigoni<\/a> o Juli\u00e1n Vitale<\/strong>.<\/p>\n<p>Si bien no est\u00e1 confirmado, ya que Holan acostumbra a confirmarlo un rato antes de los partidos, los probables once, ser\u00eda: <strong>Mart\u00edn Campa\u00f1a; Mart\u00ednez, Franco, V\u00edctor Cuesta, Nicol\u00e1s Tagliafico; Diego Rodr\u00edguez, Maximiliano Meza o Vitale; Mart\u00edn Ben\u00edtez, Diego Vera, Germ\u00e1n Denis y Rigoni o Meza.<\/strong><\/p>\n","protected":false},"excerpt":{"rendered":"<p>Independiente y Racing juegan este lunes el Cl\u00e1sico de Avellaneda en Salta. Ariel Holan no confirm\u00f3 el equipo y todav\u00eda tiene algunas dudas. El \u00e1rbitro del encuentro ser\u00e1 Patricio Loustau. A partir de las 22:10 en el estadio Padre Martearena de Salta Independiente jugar\u00e1 su segundo partido de verano. En esta oportunidad el t\u00e9cnico pondr\u00e1 [&hellip;]<\/p>\n","protected":false},"author":1,"featured_media":68703,"comment_status":"open","ping_status":"closed","sticky":false,"template":"","format":"standard","meta":{"_links_to":"","_links_to_target":""},"categories":[3247,3],"tags":[153,210,903],"_links":{"self":[{"href":"https:\/\/www.locoxelrojo.com\/independiente\/wp-json\/wp\/v2\/posts\/68702"}],"collection":[{"href":"https:\/\/www.locoxelrojo.com\/independiente\/wp-json\/wp\/v2\/posts"}],"about":[{"href":"https:\/\/www.locoxelrojo.com\/independiente\/wp-json\/wp\/v2\/types\/post"}],"author":[{"embeddable":true,"href":"https:\/\/www.locoxelrojo.com\/independiente\/wp-json\/wp\/v2\/users\/1"}],"replies":[{"embeddable":true,"href":"https:\/\/www.locoxelrojo.com\/independiente\/wp-json\/wp\/v2\/comments?post=68702"}],"version-history":[{"count":0,"href":"https:\/\/www.locoxelrojo.com\/independiente\/wp-json\/wp\/v2\/posts\/68702\/revisions"}],"wp:featuredmedia":[{"embeddable":true,"href":"https:\/\/www.locoxelrojo.com\/independiente\/wp-json\/wp\/v2\/media\/68703"}],"wp:attachment":[{"href":"https:\/\/www.locoxelrojo.com\/independiente\/wp-json\/wp\/v2\/media?parent=68702"}],"wp:term":[{"taxonomy":"category","embeddable":true,"href":"https:\/\/www.locoxelrojo.com\/independiente\/wp-json\/wp\/v2\/categories?post=68702"},{"taxonomy":"post_tag","embeddable":true,"href":"https:\/\/www.locoxelrojo.com\/independiente\/wp-json\/wp\/v2\/tags?post=68702"}],"curies":[{"name":"wp","href":"https:\/\/api.w.org\/{rel}","templated":true}]}}