{"id":68769,"date":"2017-01-29T17:20:47","date_gmt":"2017-01-29T20:20:47","guid":{"rendered":"http:\/\/www.locoxelrojo.com\/independiente\/?p=68769"},"modified":"2017-01-29T17:20:47","modified_gmt":"2017-01-29T20:20:47","slug":"russo-vera-no-viene-lanus-intransferible-independiente","status":"publish","type":"post","link":"https:\/\/www.locoxelrojo.com\/independiente\/2017\/01\/29\/russo-vera-no-viene-lanus-intransferible-independiente\/","title":{"rendered":"Russo: &#8220;Vera no viene a Lan\u00fas, es intransferible para Independiente&#8221;"},"content":{"rendered":"<p><strong>Nicol\u00e1s Russo, presidente de Lan\u00fas, dio por finalizadas las intenciones del Granate por contar con Diego Vera<\/strong>.<\/p>\n<p><strong>Desde finales del 2016, por pedido de Jorge Almir\u00f3n, Lan\u00fas viene pidiendo cotizaci\u00f3n por el delantero<\/strong>. Primero Vera no ten\u00eda intenciones de dejar Independiente, pero con el correr de los d\u00edas y ante el contrato tentador que le ofreci\u00f3 la instituci\u00f3n del Sur, <a href=\"https:\/\/www.locoxelrojo.com\/independiente\/2017\/01\/25\/lo-quieren-tienen-pagar\/\">cambi\u00f3 de opini\u00f3n<\/a>. Hasta H\u00e9ctor Maldonado, secretario general del Rojo, blaque\u00f3 la situaci\u00f3n: <strong>&#8220;Lan\u00fas le hizo una oferta mejor, que no es lo que \u00e9l est\u00e1 ganando actualmente&#8221;<\/strong>.<\/p>\n<p>Sin embargo, desde Independiente creen que no es momento de desprenderse del uruguayo y en di\u00e1logo con La Oral Deportiva, Russo dej\u00f3 en claro que se baja de la negociaci\u00f3n: <strong>&#8220;Por lo que hable con Carlos Monta\u00f1a, Independiente necesita a Vera. Es intransferible y no viene a Lan\u00fas&#8221;<\/strong>.<\/p>\n<p>De esta manera, a pesar de sus ganas de emigrar, Vera deber\u00e1 comenzar a enfocarse en Independiente y volver a recuperar el nivel que supo tener.<\/p>\n","protected":false},"excerpt":{"rendered":"<p>Nicol\u00e1s Russo, presidente de Lan\u00fas, dio por finalizadas las intenciones del Granate por contar con Diego Vera. Desde finales del 2016, por pedido de Jorge Almir\u00f3n, Lan\u00fas viene pidiendo cotizaci\u00f3n por el delantero. Primero Vera no ten\u00eda intenciones de dejar Independiente, pero con el correr de los d\u00edas y ante el contrato tentador que le [&hellip;]<\/p>\n","protected":false},"author":1,"featured_media":68770,"comment_status":"open","ping_status":"closed","sticky":false,"template":"","format":"standard","meta":{"_links_to":"","_links_to_target":""},"categories":[3280,3247],"tags":[2791,1184],"_links":{"self":[{"href":"https:\/\/www.locoxelrojo.com\/independiente\/wp-json\/wp\/v2\/posts\/68769"}],"collection":[{"href":"https:\/\/www.locoxelrojo.com\/independiente\/wp-json\/wp\/v2\/posts"}],"about":[{"href":"https:\/\/www.locoxelrojo.com\/independiente\/wp-json\/wp\/v2\/types\/post"}],"author":[{"embeddable":true,"href":"https:\/\/www.locoxelrojo.com\/independiente\/wp-json\/wp\/v2\/users\/1"}],"replies":[{"embeddable":true,"href":"https:\/\/www.locoxelrojo.com\/independiente\/wp-json\/wp\/v2\/comments?post=68769"}],"version-history":[{"count":0,"href":"https:\/\/www.locoxelrojo.com\/independiente\/wp-json\/wp\/v2\/posts\/68769\/revisions"}],"wp:featuredmedia":[{"embeddable":true,"href":"https:\/\/www.locoxelrojo.com\/independiente\/wp-json\/wp\/v2\/media\/68770"}],"wp:attachment":[{"href":"https:\/\/www.locoxelrojo.com\/independiente\/wp-json\/wp\/v2\/media?parent=68769"}],"wp:term":[{"taxonomy":"category","embeddable":true,"href":"https:\/\/www.locoxelrojo.com\/independiente\/wp-json\/wp\/v2\/categories?post=68769"},{"taxonomy":"post_tag","embeddable":true,"href":"https:\/\/www.locoxelrojo.com\/independiente\/wp-json\/wp\/v2\/tags?post=68769"}],"curies":[{"name":"wp","href":"https:\/\/api.w.org\/{rel}","templated":true}]}}