{"id":68771,"date":"2017-01-29T17:45:37","date_gmt":"2017-01-29T20:45:37","guid":{"rendered":"http:\/\/www.locoxelrojo.com\/independiente\/?p=68771"},"modified":"2017-01-29T17:45:37","modified_gmt":"2017-01-29T20:45:37","slug":"cuesta-lo-quieren-lanus","status":"publish","type":"post","link":"https:\/\/www.locoxelrojo.com\/independiente\/2017\/01\/29\/cuesta-lo-quieren-lanus\/","title":{"rendered":"\u00bfA Cuesta lo quieren en Lan\u00fas?"},"content":{"rendered":"<p><strong>Lan\u00fas est\u00e1 interesado en llevarse a V\u00edctor Cuesta. Su presidente, Nicol\u00e1s Russo, declar\u00f3 que hablar\u00e1 con Jorge Almir\u00f3n antes de iniciar cualquier gesti\u00f3n.<\/strong><\/p>\n<p><strong>Ya es de p\u00fablico conocimiento que desde la llegada de Ariel Holan el capit\u00e1n de Independiente perdi\u00f3 terreno<\/strong>. Adem\u00e1s, el propio Cuesta, en el primer d\u00eda de trabajo del 2017, <a href=\"https:\/\/www.locoxelrojo.com\/independiente\/2017\/01\/06\/cuesta-si-llega-alguna-oferta-me-gustaria-aprovecharla\/\">declar\u00f3 sus ganas de salir del club<\/a>. A todo este combo, hay que sumarle sus bajos rendimientos en los amistosos de verano y que el defensor es uno de los jugadores que no viaja a Mar del Plata para jugar la revancha con Racing.<\/p>\n<p><!-- Pontamedia Survey Tag \/\/--><\/p>\n<div id=\"brandencuesta\"><\/div>\n<p><script type=\"text\/javascript\" src=\"\/\/api.pontamedia.net\/survey.php?p=YToyOntzOjE6ImsiO3M6NDA6IjU3N2VlOTYzMGJjNWUwNWJlZDQ2MDk4YWJmZDZlZjZmMDFkMzQ1M2MiO3M6NjoicG9sbElkIjtpOjQyMzk7fQ==&#038;lang=es\" async><\/script><br \/>\n<strong>Hasta el momento<\/strong>, a pesar de las intenciones de emigrar del jugador, en Avenida Mitre 470 <strong>no llegaron ofertas por el defensor<\/strong>. Sin embargo, <strong>desde su entorno hicieron circular el rumor de que Lan\u00fas estar\u00eda interesado en \u00e9l<\/strong>. En di\u00e1logo con La Oral Deportiva, el presidente Granate mostr\u00f3 cierto inter\u00e9s, pero avis\u00f3 que la \u00faltima palabra la tendr\u00e1 el entrenador, quien lo conoce de su paso por el club: <strong>&#8220;Sali\u00f3 de una versi\u00f3n period\u00edstica. S\u00e9 que es un jugador de nivel, pero ma\u00f1ana lo hablar\u00e9 con Almir\u00f3n&#8221;<\/strong>.<\/p>\n","protected":false},"excerpt":{"rendered":"<p>Lan\u00fas est\u00e1 interesado en llevarse a V\u00edctor Cuesta. Su presidente, Nicol\u00e1s Russo, declar\u00f3 que hablar\u00e1 con Jorge Almir\u00f3n antes de iniciar cualquier gesti\u00f3n. Ya es de p\u00fablico conocimiento que desde la llegada de Ariel Holan el capit\u00e1n de Independiente perdi\u00f3 terreno. Adem\u00e1s, el propio Cuesta, en el primer d\u00eda de trabajo del 2017, declar\u00f3 sus [&hellip;]<\/p>\n","protected":false},"author":1,"featured_media":68772,"comment_status":"open","ping_status":"closed","sticky":false,"template":"","format":"standard","meta":{"_links_to":"","_links_to_target":""},"categories":[3280,3247],"tags":[1184,2754],"_links":{"self":[{"href":"https:\/\/www.locoxelrojo.com\/independiente\/wp-json\/wp\/v2\/posts\/68771"}],"collection":[{"href":"https:\/\/www.locoxelrojo.com\/independiente\/wp-json\/wp\/v2\/posts"}],"about":[{"href":"https:\/\/www.locoxelrojo.com\/independiente\/wp-json\/wp\/v2\/types\/post"}],"author":[{"embeddable":true,"href":"https:\/\/www.locoxelrojo.com\/independiente\/wp-json\/wp\/v2\/users\/1"}],"replies":[{"embeddable":true,"href":"https:\/\/www.locoxelrojo.com\/independiente\/wp-json\/wp\/v2\/comments?post=68771"}],"version-history":[{"count":0,"href":"https:\/\/www.locoxelrojo.com\/independiente\/wp-json\/wp\/v2\/posts\/68771\/revisions"}],"wp:featuredmedia":[{"embeddable":true,"href":"https:\/\/www.locoxelrojo.com\/independiente\/wp-json\/wp\/v2\/media\/68772"}],"wp:attachment":[{"href":"https:\/\/www.locoxelrojo.com\/independiente\/wp-json\/wp\/v2\/media?parent=68771"}],"wp:term":[{"taxonomy":"category","embeddable":true,"href":"https:\/\/www.locoxelrojo.com\/independiente\/wp-json\/wp\/v2\/categories?post=68771"},{"taxonomy":"post_tag","embeddable":true,"href":"https:\/\/www.locoxelrojo.com\/independiente\/wp-json\/wp\/v2\/tags?post=68771"}],"curies":[{"name":"wp","href":"https:\/\/api.w.org\/{rel}","templated":true}]}}