{"id":68814,"date":"2017-02-01T20:05:46","date_gmt":"2017-02-01T23:05:46","guid":{"rendered":"http:\/\/www.locoxelrojo.com\/independiente\/?p=68814"},"modified":"2017-02-01T20:05:46","modified_gmt":"2017-02-01T23:05:46","slug":"franco-voy-dejar-la-vida-quedarme-puesto","status":"publish","type":"post","link":"https:\/\/www.locoxelrojo.com\/independiente\/2017\/02\/01\/franco-voy-dejar-la-vida-quedarme-puesto\/","title":{"rendered":"Franco: &#8220;Voy a dejar la vida para quedarme con el puesto&#8221;"},"content":{"rendered":"<p><strong>Alan Franco, uno de los pibes en los que m\u00e1s conf\u00eda Ariel Holan, cont\u00f3 su historia, c\u00f3mo fue su llegada a Independiente y conf\u00eda plenamente en sus condiciones para quedarse dentro de los once titulares.<\/strong><\/p>\n<p><strong>&#8220;Llegu\u00e9 a Independiente, hice una prueba y qued\u00e9. Me citaron despu\u00e9s para el selectivo de Milito y qued\u00f3 conforme Gaby tambi\u00e9n&#8221;<\/strong>, manifest\u00f3 el defensor de 20 a\u00f1os, que lleg\u00f3 al Rojo proveniente de San Telmo. <strong>&#8220;Jugaba en el Club Las Torres. En un momento dej\u00e9 el f\u00fatbol y fui a San Telmo siendo grande. De S\u00e9ptima pas\u00e9 a Quinta, Cuarta y luego pas\u00e9 a la pretemporada. En ese tiempo San Telmo estaba en la Primera C, pas\u00e9 por muchas cosas y fue muy duro. Era el capit\u00e1n ah\u00ed, pero yo sent\u00eda que estaba para jugar en un equipo m\u00e1s grande&#8221;<\/strong>, agreg\u00f3.<\/p>\n<p><strong>&#8220;Mi familia no puede creer el momento que estoy pasando y yo menos. Soy de Villa Tranquila y somos mi pap\u00e1, mi mam\u00e1, mi hermanita y mi hija. En San Telmo lo \u00fanico que quer\u00eda era que a mi hija no le falte nada, que tenga lo mejor y hacerla feliz. Pase por problemas econ\u00f3micos y tambi\u00e9n familiares, me tuve que tratar&#8221;<\/strong>, describi\u00f3 en di\u00e1logo con Muy Independiente. <strong>&#8220;Mi sue\u00f1o es sacar a mi familia de d\u00f3nde est\u00e1, aunque es donde me cri\u00e9 y lo valoro mucho. Ah\u00ed nac\u00ed y viv\u00ed muchas cosas. Siguiendo los consejos de mi familia segu\u00ed los pasos correctos para no hacer cosas que no se hacen. Los pibes me dec\u00edan qu\u00e9date con nosotros, pero yo ten\u00eda claro lo que estaba bien y mal. Igualmente, me sigo hablando seguido con ellos&#8221;<\/strong>, a\u00f1adi\u00f3.<\/p>\n<p>Franco es uno de los juveniles que Holan llev\u00f3 a la pretemporada. Enseguida su personalidad sorprendi\u00f3 al entrenador, tal es as\u00ed, que fue titular en los dos cl\u00e1sico ante Racing: <strong>&#8220;Ten\u00eda una sensaci\u00f3n incre\u00edble cuando jugu\u00e9, no s\u00e9 c\u00f3mo explicarlo. Despu\u00e9s de todo lo que pas\u00e9, y ahora estar donde estoy, voy a dejar la vida para ganarme el puesto&#8221;<\/strong>. Por la cabeza del t\u00e9cnico est\u00e1 la idea de utilizar el tercer cupo en un marcador central, sin embargo conf\u00eda en sus condiciones: <strong>&#8220;Estoy en la Primera de Independiente y es un momento que no lo quiero perder nunca. Me van a tener que matar para sacarme. Y el que venga, va a tener que pelear conmigo&#8221;<\/strong>.<\/p>\n<p>Para finalizar, reconoci\u00f3 similitudes entre Milito y el t\u00e9cnico actual y adem\u00e1s, no se olvid\u00f3 de Fernando Ber\u00f3n, ya que fue muy importante para \u00e9l. <strong>&#8220;Holan tiene cosas de Milito, usan un estilo de juego parecido. Gracias a Beron estoy d\u00f3nde estoy y le agradezco mucho&#8221;<\/strong>, cerr\u00f3.<\/p>\n","protected":false},"excerpt":{"rendered":"<p>Alan Franco, uno de los pibes en los que m\u00e1s conf\u00eda Ariel Holan, cont\u00f3 su historia, c\u00f3mo fue su llegada a Independiente y conf\u00eda plenamente en sus condiciones para quedarse dentro de los once titulares. &#8220;Llegu\u00e9 a Independiente, hice una prueba y qued\u00e9. Me citaron despu\u00e9s para el selectivo de Milito y qued\u00f3 conforme Gaby [&hellip;]<\/p>\n","protected":false},"author":1,"featured_media":68815,"comment_status":"open","ping_status":"closed","sticky":false,"template":"","format":"standard","meta":{"_links_to":"","_links_to_target":""},"categories":[3247,3],"tags":[3231],"_links":{"self":[{"href":"https:\/\/www.locoxelrojo.com\/independiente\/wp-json\/wp\/v2\/posts\/68814"}],"collection":[{"href":"https:\/\/www.locoxelrojo.com\/independiente\/wp-json\/wp\/v2\/posts"}],"about":[{"href":"https:\/\/www.locoxelrojo.com\/independiente\/wp-json\/wp\/v2\/types\/post"}],"author":[{"embeddable":true,"href":"https:\/\/www.locoxelrojo.com\/independiente\/wp-json\/wp\/v2\/users\/1"}],"replies":[{"embeddable":true,"href":"https:\/\/www.locoxelrojo.com\/independiente\/wp-json\/wp\/v2\/comments?post=68814"}],"version-history":[{"count":0,"href":"https:\/\/www.locoxelrojo.com\/independiente\/wp-json\/wp\/v2\/posts\/68814\/revisions"}],"wp:featuredmedia":[{"embeddable":true,"href":"https:\/\/www.locoxelrojo.com\/independiente\/wp-json\/wp\/v2\/media\/68815"}],"wp:attachment":[{"href":"https:\/\/www.locoxelrojo.com\/independiente\/wp-json\/wp\/v2\/media?parent=68814"}],"wp:term":[{"taxonomy":"category","embeddable":true,"href":"https:\/\/www.locoxelrojo.com\/independiente\/wp-json\/wp\/v2\/categories?post=68814"},{"taxonomy":"post_tag","embeddable":true,"href":"https:\/\/www.locoxelrojo.com\/independiente\/wp-json\/wp\/v2\/tags?post=68814"}],"curies":[{"name":"wp","href":"https:\/\/api.w.org\/{rel}","templated":true}]}}