{"id":68999,"date":"2017-02-18T09:50:18","date_gmt":"2017-02-18T12:50:18","guid":{"rendered":"http:\/\/www.locoxelrojo.com\/independiente\/?p=68999"},"modified":"2017-02-19T00:20:16","modified_gmt":"2017-02-19T03:20:16","slug":"franco-prefiero-cuesta-se-quede-grupo","status":"publish","type":"post","link":"https:\/\/www.locoxelrojo.com\/independiente\/2017\/02\/18\/franco-prefiero-cuesta-se-quede-grupo\/","title":{"rendered":"Franco: \u201cPrefiero que Cuesta se quede por el grupo\u201d"},"content":{"rendered":"<p>Ante la posible salida de V\u00edctor Cuesta, <strong>Alan Franco<\/strong>\u00a0cont\u00f3 que prefiere que el capit\u00e1n se quede en Independiente para mantener consolidado al grupo. Asimismo, habl\u00f3 sobre la pretemporada y las conversaciones que mantuvo con Ariel Holan.<\/p>\n<p><strong>\u201cCuesta es una excelente persona y jugador. Si se va, ser\u00eda buen\u00edsimo por la competencia del puesto, pero la verdad, prefiero que se quede por el grupo. Es depende c\u00f3mo se mire\u201d<\/strong>, arranc\u00f3 el pibe en di\u00e1logo con <em>La Secta Deportiva<\/em>, aunque agreg\u00f3 que tal vez el ex Arsenal ya no se sienta c\u00f3modo en Independiente: <strong>\u201cQuiz\u00e1s \u00e9l piensa que ya cumpli\u00f3 un ciclo en el club\u201d. <\/strong><\/p>\n<p>Sobre la posibilidad que surge con \u00e9sta salida, cont\u00f3 que el DT\u00a0lo tiene en cuenta para cubrir el puesto dentro del campo de juego.<strong>\u201cTuvimos charlas y \u00e9l y me dice que siga tranquilo, que ya estoy bien y cuando arranque el campeonato voy a tener la oportunidad de debutar, que no me desespere por nada\u201d,<\/strong> confes\u00f3, y admiti\u00f3 que <strong>\u201cal entrenador le gusta mucho el nivel\u201d <\/strong>en el que est\u00e1.<\/p>\n<p>Para cerrar, expres\u00f3 que tuvieron una pretemporada m\u00e1s fuerte de lo que est\u00e1 acostumbrado. <strong>\u201cFue muy dura y, para bien o para mal, uno se la tiene que aguantar\u201d<\/strong>, cerr\u00f3.<\/p>\n","protected":false},"excerpt":{"rendered":"<p>Ante la posible salida de V\u00edctor Cuesta, Alan Franco\u00a0cont\u00f3 que prefiere que el capit\u00e1n se quede en Independiente para mantener consolidado al grupo. Asimismo, habl\u00f3 sobre la pretemporada y las conversaciones que mantuvo con Ariel Holan. \u201cCuesta es una excelente persona y jugador. Si se va, ser\u00eda buen\u00edsimo por la competencia del puesto, pero la [&hellip;]<\/p>\n","protected":false},"author":16,"featured_media":69000,"comment_status":"open","ping_status":"closed","sticky":false,"template":"","format":"standard","meta":{"_links_to":"","_links_to_target":""},"categories":[3247,3],"tags":[3231,2754],"_links":{"self":[{"href":"https:\/\/www.locoxelrojo.com\/independiente\/wp-json\/wp\/v2\/posts\/68999"}],"collection":[{"href":"https:\/\/www.locoxelrojo.com\/independiente\/wp-json\/wp\/v2\/posts"}],"about":[{"href":"https:\/\/www.locoxelrojo.com\/independiente\/wp-json\/wp\/v2\/types\/post"}],"author":[{"embeddable":true,"href":"https:\/\/www.locoxelrojo.com\/independiente\/wp-json\/wp\/v2\/users\/16"}],"replies":[{"embeddable":true,"href":"https:\/\/www.locoxelrojo.com\/independiente\/wp-json\/wp\/v2\/comments?post=68999"}],"version-history":[{"count":0,"href":"https:\/\/www.locoxelrojo.com\/independiente\/wp-json\/wp\/v2\/posts\/68999\/revisions"}],"wp:featuredmedia":[{"embeddable":true,"href":"https:\/\/www.locoxelrojo.com\/independiente\/wp-json\/wp\/v2\/media\/69000"}],"wp:attachment":[{"href":"https:\/\/www.locoxelrojo.com\/independiente\/wp-json\/wp\/v2\/media?parent=68999"}],"wp:term":[{"taxonomy":"category","embeddable":true,"href":"https:\/\/www.locoxelrojo.com\/independiente\/wp-json\/wp\/v2\/categories?post=68999"},{"taxonomy":"post_tag","embeddable":true,"href":"https:\/\/www.locoxelrojo.com\/independiente\/wp-json\/wp\/v2\/tags?post=68999"}],"curies":[{"name":"wp","href":"https:\/\/api.w.org\/{rel}","templated":true}]}}