{"id":69085,"date":"2017-02-26T20:30:35","date_gmt":"2017-02-26T23:30:35","guid":{"rendered":"http:\/\/www.locoxelrojo.com\/independiente\/?p=69085"},"modified":"2017-02-26T21:39:07","modified_gmt":"2017-02-27T00:39:07","slug":"cuesta-tres-mercados-priorice-independiente-no-estoy-siendo-egoista","status":"publish","type":"post","link":"https:\/\/www.locoxelrojo.com\/independiente\/2017\/02\/26\/cuesta-tres-mercados-priorice-independiente-no-estoy-siendo-egoista\/","title":{"rendered":"Cuesta: &#8220;En tres mercados prioric\u00e9 a Independiente, no estoy siendo ego\u00edsta&#8221;"},"content":{"rendered":"<p><strong>V\u00edctor Cuesta<\/strong> rompi\u00f3 el silencio\u00a0y sali\u00f3 al cruce de los reproches que le llegaron por su partida a Internacional de Porto Alegre. Adem\u00e1s, afirm\u00f3 que termin\u00f3 sin rencores\u00a0con el entrenador y los dirigentes.<\/p>\n<p><strong>&#8220;Solamente dije que me gustar\u00eda aprovechar una oportunidad si era buena tanto para el club como para m\u00ed. Se malinterpret\u00f3. Hay que recordar que en tres mercados de pases yo prioric\u00e9 a Independiente&#8221;<\/strong>, solt\u00f3 el defensor en di\u00e1logo con <em>Radio La Red<\/em>, y sigui\u00f3 con su descargo: <strong>&#8220;Despu\u00e9s de la Selecci\u00f3n hab\u00eda ofertas de Europa, pero con la llegada de Gaby Milito est\u00e1bamos muy ilusionados y me qued\u00e9. Hoy tengo 28 a\u00f1os y esto era bueno para el club y para m\u00ed, no es que estoy siendo ego\u00edsta y s\u00f3lo pienso en m\u00ed&#8221;<\/strong>.<\/p>\n<p>El ahora excapit\u00e1n entendi\u00f3 la limpieza de referentes que llev\u00f3 a cabo la dirigencia y el cuerpo t\u00e9cnico: <strong>&#8220;El club estaba buscando un cambio, yo coincido en eso. Est\u00e1bamos hace mucho tiempo y no pudimos conseguir los objetivos que ten\u00edamos como grupo&#8221;<\/strong>. Asimismo, opin\u00f3 que <strong>&#8220;quiz\u00e1s ahora era muy apresurado porque se pueden incorporar dos o tres jugadores&#8221;<\/strong>, pero se\u00f1al\u00f3 que <strong>&#8220;llegaron tres jugadores de experiencia y la columna vertebral del equipo se puede formar con ellos y Campa\u00f1a, Nico Tagliafico y Figal&#8221;<\/strong>.<\/p>\n<p>Tras haber sido marginado por el DT en el verano, Cuesta dej\u00f3 en claro que <strong>&#8220;nunca hubo un problema con Ariel (Holan)&#8221;<\/strong>, y explic\u00f3 algunas de sus ausencias: <strong>&#8220;\u00c9l decidi\u00f3 que no estaba al 100% por la contractura y lo entend\u00ed. El partido con San Lorenzo era\u00a0a los cuatro d\u00edas y sent\u00eda que no estaba para competir con un equipo tan importante&#8221;<\/strong>. Adem\u00e1s, asegur\u00f3 que se fue en buenos t\u00e9rminos:\u00a0<strong>&#8220;Me voy de la mejor manera con Ariel, con los dirigentes y con mis compa\u00f1eros&#8221;<\/strong>.<\/p>\n<p>Por otro lado, dio detalles de su partida a Brasil y de la charla que tuvo con un \u00eddolo del Inter. <strong>&#8220;Faltan algunas cositas pero ya est\u00e1 todo hecho y calculo que el mi\u00e9rcoles estar\u00eda viajando.\u00a0Habl\u00e9 anoche con D&#8217;Alessandro y me coment\u00f3 la situaci\u00f3n, estoy con muchas ganas para\u00a0el nuevo desaf\u00edo que me espera&#8221;<\/strong>, cont\u00f3.<\/p>\n","protected":false},"excerpt":{"rendered":"<p>V\u00edctor Cuesta rompi\u00f3 el silencio\u00a0y sali\u00f3 al cruce de los reproches que le llegaron por su partida a Internacional de Porto Alegre. Adem\u00e1s, afirm\u00f3 que termin\u00f3 sin rencores\u00a0con el entrenador y los dirigentes. &#8220;Solamente dije que me gustar\u00eda aprovechar una oportunidad si era buena tanto para el club como para m\u00ed. Se malinterpret\u00f3. Hay que [&hellip;]<\/p>\n","protected":false},"author":8,"featured_media":67690,"comment_status":"open","ping_status":"closed","sticky":false,"template":"","format":"standard","meta":{"_links_to":"","_links_to_target":""},"categories":[3280,3247],"tags":[2754],"_links":{"self":[{"href":"https:\/\/www.locoxelrojo.com\/independiente\/wp-json\/wp\/v2\/posts\/69085"}],"collection":[{"href":"https:\/\/www.locoxelrojo.com\/independiente\/wp-json\/wp\/v2\/posts"}],"about":[{"href":"https:\/\/www.locoxelrojo.com\/independiente\/wp-json\/wp\/v2\/types\/post"}],"author":[{"embeddable":true,"href":"https:\/\/www.locoxelrojo.com\/independiente\/wp-json\/wp\/v2\/users\/8"}],"replies":[{"embeddable":true,"href":"https:\/\/www.locoxelrojo.com\/independiente\/wp-json\/wp\/v2\/comments?post=69085"}],"version-history":[{"count":0,"href":"https:\/\/www.locoxelrojo.com\/independiente\/wp-json\/wp\/v2\/posts\/69085\/revisions"}],"wp:featuredmedia":[{"embeddable":true,"href":"https:\/\/www.locoxelrojo.com\/independiente\/wp-json\/wp\/v2\/media\/67690"}],"wp:attachment":[{"href":"https:\/\/www.locoxelrojo.com\/independiente\/wp-json\/wp\/v2\/media?parent=69085"}],"wp:term":[{"taxonomy":"category","embeddable":true,"href":"https:\/\/www.locoxelrojo.com\/independiente\/wp-json\/wp\/v2\/categories?post=69085"},{"taxonomy":"post_tag","embeddable":true,"href":"https:\/\/www.locoxelrojo.com\/independiente\/wp-json\/wp\/v2\/tags?post=69085"}],"curies":[{"name":"wp","href":"https:\/\/api.w.org\/{rel}","templated":true}]}}