{"id":69094,"date":"2017-02-27T19:30:03","date_gmt":"2017-02-27T22:30:03","guid":{"rendered":"http:\/\/www.locoxelrojo.com\/independiente\/?p=69094"},"modified":"2017-02-27T21:22:31","modified_gmt":"2017-02-28T00:22:31","slug":"vuelta-las-practicas-dos-ausentes","status":"publish","type":"post","link":"https:\/\/www.locoxelrojo.com\/independiente\/2017\/02\/27\/vuelta-las-practicas-dos-ausentes\/","title":{"rendered":"Vuelta a las pr\u00e1cticas con dos ausentes"},"content":{"rendered":"<p><strong>Despu\u00e9s de un d\u00eda de descanso, el plantel de Independiente volvi\u00f3 a los entrenamientos este lunes por la tarde en Villa Dom\u00ednico. No estuvieron V\u00edctor Cuesta ni Diego Vera.<\/strong><\/p>\n<p>La pr\u00e1ctica vespertina del feriado consisti\u00f3 de\u00a0una rutina de gimnasio y ejercicios con pelota en defensa y ataque. <strong>La novedad fue la ausencia de Cuesta y Vera: el capit\u00e1n <a href=\"https:\/\/www.locoxelrojo.com\/independiente\/2017\/02\/23\/capitan-se-va-brasil\/\">ya acord\u00f3 su salida al Inter de Porto Alegre<\/a><\/strong> y est\u00e1 ultimando detalles para partir\u00a0hacia Brasil el mi\u00e9rcoles, mientras que <strong>Viruta viaj\u00f3 a Santa Fe para <a href=\"https:\/\/www.locoxelrojo.com\/independiente\/2017\/02\/23\/vera-tambien-se-despide\/\">sumarse a Col\u00f3n<\/a><\/strong>.<\/p>\n<p>Con <a href=\"https:\/\/www.locoxelrojo.com\/independiente\/2017\/02\/27\/no-pagan-futbol-no-vuelve\/\">la vuelta del f\u00fatbol nuevamente en duda<\/a>, <strong>la puesta a punto del Rojo seguir\u00e1 este martes con una jornada a doble turno<\/strong> en el Centro de Alto Rendimiento de Villa Dom\u00ednico.<\/p>\n","protected":false},"excerpt":{"rendered":"<p>Despu\u00e9s de un d\u00eda de descanso, el plantel de Independiente volvi\u00f3 a los entrenamientos este lunes por la tarde en Villa Dom\u00ednico. No estuvieron V\u00edctor Cuesta ni Diego Vera. La pr\u00e1ctica vespertina del feriado consisti\u00f3 de\u00a0una rutina de gimnasio y ejercicios con pelota en defensa y ataque. La novedad fue la ausencia de Cuesta y [&hellip;]<\/p>\n","protected":false},"author":8,"featured_media":69095,"comment_status":"open","ping_status":"closed","sticky":false,"template":"","format":"standard","meta":{"_links_to":"","_links_to_target":""},"categories":[3247,3,1],"tags":[2791,26,2754,172],"_links":{"self":[{"href":"https:\/\/www.locoxelrojo.com\/independiente\/wp-json\/wp\/v2\/posts\/69094"}],"collection":[{"href":"https:\/\/www.locoxelrojo.com\/independiente\/wp-json\/wp\/v2\/posts"}],"about":[{"href":"https:\/\/www.locoxelrojo.com\/independiente\/wp-json\/wp\/v2\/types\/post"}],"author":[{"embeddable":true,"href":"https:\/\/www.locoxelrojo.com\/independiente\/wp-json\/wp\/v2\/users\/8"}],"replies":[{"embeddable":true,"href":"https:\/\/www.locoxelrojo.com\/independiente\/wp-json\/wp\/v2\/comments?post=69094"}],"version-history":[{"count":0,"href":"https:\/\/www.locoxelrojo.com\/independiente\/wp-json\/wp\/v2\/posts\/69094\/revisions"}],"wp:featuredmedia":[{"embeddable":true,"href":"https:\/\/www.locoxelrojo.com\/independiente\/wp-json\/wp\/v2\/media\/69095"}],"wp:attachment":[{"href":"https:\/\/www.locoxelrojo.com\/independiente\/wp-json\/wp\/v2\/media?parent=69094"}],"wp:term":[{"taxonomy":"category","embeddable":true,"href":"https:\/\/www.locoxelrojo.com\/independiente\/wp-json\/wp\/v2\/categories?post=69094"},{"taxonomy":"post_tag","embeddable":true,"href":"https:\/\/www.locoxelrojo.com\/independiente\/wp-json\/wp\/v2\/tags?post=69094"}],"curies":[{"name":"wp","href":"https:\/\/api.w.org\/{rel}","templated":true}]}}