{"id":69119,"date":"2017-03-02T14:51:19","date_gmt":"2017-03-02T17:51:19","guid":{"rendered":"http:\/\/www.locoxelrojo.com\/independiente\/?p=69119"},"modified":"2017-03-02T15:51:43","modified_gmt":"2017-03-02T18:51:43","slug":"albil-chicos-muchas-condiciones-futuro","status":"publish","type":"post","link":"https:\/\/www.locoxelrojo.com\/independiente\/2017\/03\/02\/albil-chicos-muchas-condiciones-futuro\/","title":{"rendered":"Albil: &#8220;Hay chicos con muchas condiciones y futuro&#8221;"},"content":{"rendered":"<p><strong>Dami\u00e1n Albil se refiri\u00f3 a la conformaci\u00f3n del nuevo plantel. Habl\u00f3 sobre la salida de los referentes y destac\u00f3 la incorporaci\u00f3n de varios juveniles.<\/strong><\/p>\n<p><strong>\u201cLos m\u00e1s chicos est\u00e1n en ese per\u00edodo de adaptaci\u00f3n para ser jugadores profesionales. Hay que guiar y aconsejar para que puedan rendir lo antes posible&#8221;<\/strong>, manifest\u00f3 en di\u00e1logo con Late independiente. <strong>&#8220;Hay que transmitirle a los m\u00e1s chicos el sentimiento por la camiseta&#8221;<\/strong>, a\u00f1adi\u00f3.<\/p>\n<p>En cuanto al armado del grupo, expres\u00f3: <strong>&#8220;Es un plantel nuevo, donde se fueron muchos jugadores y se sumaron muchos juveniles. A medida que pasa el tiempo nos vamos conociendo. Hay chicos con muchas condiciones y mucho futuro&#8221;<\/strong>.<\/p>\n<p><strong>&#8220;Vine a aportar desde donde me toque y a tirar para adelante. Obvio que si tengo la posibilidad de atajar bienvenida sea y estoy preparado para hacerlo bien. Si no me toca, voy a apoyar a Mart\u00edn (Campa\u00f1a) que tuvo un gran campeonato y a Gonzalo (Rehak), que estoy seguro que va a ser el arquero de Independiente en el futuro&#8221;<\/strong>, explic\u00f3.<\/p>\n<p><strong>&#8220;La gente tiene que tener un poco de paciencia. El club est\u00e1 mejorado respecto a mi \u00e9poca en el 2002 y sigue creciendo. Los resultados deportivos ya est\u00e1n por llegar&#8221;<\/strong>, cerr\u00f3.<\/p>\n","protected":false},"excerpt":{"rendered":"<p>Dami\u00e1n Albil se refiri\u00f3 a la conformaci\u00f3n del nuevo plantel. Habl\u00f3 sobre la salida de los referentes y destac\u00f3 la incorporaci\u00f3n de varios juveniles. \u201cLos m\u00e1s chicos est\u00e1n en ese per\u00edodo de adaptaci\u00f3n para ser jugadores profesionales. Hay que guiar y aconsejar para que puedan rendir lo antes posible&#8221;, manifest\u00f3 en di\u00e1logo con Late independiente. [&hellip;]<\/p>\n","protected":false},"author":1,"featured_media":69120,"comment_status":"open","ping_status":"closed","sticky":false,"template":"","format":"standard","meta":{"_links_to":"","_links_to_target":""},"categories":[3247,3],"tags":[3300],"_links":{"self":[{"href":"https:\/\/www.locoxelrojo.com\/independiente\/wp-json\/wp\/v2\/posts\/69119"}],"collection":[{"href":"https:\/\/www.locoxelrojo.com\/independiente\/wp-json\/wp\/v2\/posts"}],"about":[{"href":"https:\/\/www.locoxelrojo.com\/independiente\/wp-json\/wp\/v2\/types\/post"}],"author":[{"embeddable":true,"href":"https:\/\/www.locoxelrojo.com\/independiente\/wp-json\/wp\/v2\/users\/1"}],"replies":[{"embeddable":true,"href":"https:\/\/www.locoxelrojo.com\/independiente\/wp-json\/wp\/v2\/comments?post=69119"}],"version-history":[{"count":0,"href":"https:\/\/www.locoxelrojo.com\/independiente\/wp-json\/wp\/v2\/posts\/69119\/revisions"}],"wp:featuredmedia":[{"embeddable":true,"href":"https:\/\/www.locoxelrojo.com\/independiente\/wp-json\/wp\/v2\/media\/69120"}],"wp:attachment":[{"href":"https:\/\/www.locoxelrojo.com\/independiente\/wp-json\/wp\/v2\/media?parent=69119"}],"wp:term":[{"taxonomy":"category","embeddable":true,"href":"https:\/\/www.locoxelrojo.com\/independiente\/wp-json\/wp\/v2\/categories?post=69119"},{"taxonomy":"post_tag","embeddable":true,"href":"https:\/\/www.locoxelrojo.com\/independiente\/wp-json\/wp\/v2\/tags?post=69119"}],"curies":[{"name":"wp","href":"https:\/\/api.w.org\/{rel}","templated":true}]}}