{"id":69178,"date":"2017-03-07T20:42:23","date_gmt":"2017-03-07T23:42:23","guid":{"rendered":"http:\/\/www.locoxelrojo.com\/independiente\/?p=69178"},"modified":"2017-03-07T21:28:14","modified_gmt":"2017-03-08T00:28:14","slug":"postergado-una-vez-mas","status":"publish","type":"post","link":"https:\/\/www.locoxelrojo.com\/independiente\/2017\/03\/07\/postergado-una-vez-mas\/","title":{"rendered":"Postergado una vez m\u00e1s"},"content":{"rendered":"<p><strong>La Asociaci\u00f3n del F\u00fatbol Argentino confirm\u00f3 que el partido entre Independiente y Talleres fue postergado sin fecha.<\/strong><\/p>\n<p>Un d\u00eda despu\u00e9s de conocerse <a href=\"https:\/\/www.locoxelrojo.com\/independiente\/2017\/03\/06\/debut-reprogramado-sin-estadio\/\">la programaci\u00f3n de la 15\u00ba jornada<\/a>, la &#8220;T&#8221; se volvi\u00f3 a negar a recibir al Rojo en el estadio Mario Alberto Kempes , ya que <a href=\"https:\/\/www.locoxelrojo.com\/independiente\/2017\/03\/07\/no-llegan-las-reformas-kempes\/\">todav\u00eda no se terminaron las reformas en\u00a0el campo de juego<\/a>. <strong>Si bien Independiente ten\u00eda la potestad de pedir un cambio de cancha, eso no ocurri\u00f3 y la AFA posterg\u00f3 una vez m\u00e1s el partido, sin fecha\u00a0definida<\/strong>.<\/p>\n<p>Todav\u00eda no hubo una explicaci\u00f3n oficial por parte de la dirigencia, que hasta el lunes\u00a0ten\u00eda\u00a0la intenci\u00f3n\u00a0de obligar\u00a0a los cordobeses\u00a0a jugar este fin de semana. Si no hay ning\u00fan cambio, <strong>el equipo de Ariel Holan empezar\u00eda el campeonato una semana despu\u00e9s que el resto, ante San Mart\u00edn de San Juan en Avellaneda<\/strong>.<\/p>\n<blockquote class=\"twitter-tweet\" data-lang=\"es\">\n<p lang=\"es\" dir=\"ltr\">El partido entre <a href=\"https:\/\/twitter.com\/CATalleresdecba\">@CATalleresdecba<\/a> e <a href=\"https:\/\/twitter.com\/Independiente\">@Independiente<\/a> se posterg\u00f3 sin fecha (estaba programado para el s\u00e1bado 11\/3 a las 21.10)<\/p>\n<p>&mdash; AFA (@afa) <a href=\"https:\/\/twitter.com\/afa\/status\/839207781202808832\">7 de marzo de 2017<\/a><\/p><\/blockquote>\n<p><script async src=\"\/\/platform.twitter.com\/widgets.js\" charset=\"utf-8\"><\/script><\/p>\n","protected":false},"excerpt":{"rendered":"<p>La Asociaci\u00f3n del F\u00fatbol Argentino confirm\u00f3 que el partido entre Independiente y Talleres fue postergado sin fecha. Un d\u00eda despu\u00e9s de conocerse la programaci\u00f3n de la 15\u00ba jornada, la &#8220;T&#8221; se volvi\u00f3 a negar a recibir al Rojo en el estadio Mario Alberto Kempes , ya que todav\u00eda no se terminaron las reformas en\u00a0el campo [&hellip;]<\/p>\n","protected":false},"author":8,"featured_media":69074,"comment_status":"open","ping_status":"closed","sticky":false,"template":"","format":"standard","meta":{"_links_to":"","_links_to_target":""},"categories":[3280,3247],"tags":[153,3393,529,3243],"_links":{"self":[{"href":"https:\/\/www.locoxelrojo.com\/independiente\/wp-json\/wp\/v2\/posts\/69178"}],"collection":[{"href":"https:\/\/www.locoxelrojo.com\/independiente\/wp-json\/wp\/v2\/posts"}],"about":[{"href":"https:\/\/www.locoxelrojo.com\/independiente\/wp-json\/wp\/v2\/types\/post"}],"author":[{"embeddable":true,"href":"https:\/\/www.locoxelrojo.com\/independiente\/wp-json\/wp\/v2\/users\/8"}],"replies":[{"embeddable":true,"href":"https:\/\/www.locoxelrojo.com\/independiente\/wp-json\/wp\/v2\/comments?post=69178"}],"version-history":[{"count":0,"href":"https:\/\/www.locoxelrojo.com\/independiente\/wp-json\/wp\/v2\/posts\/69178\/revisions"}],"wp:featuredmedia":[{"embeddable":true,"href":"https:\/\/www.locoxelrojo.com\/independiente\/wp-json\/wp\/v2\/media\/69074"}],"wp:attachment":[{"href":"https:\/\/www.locoxelrojo.com\/independiente\/wp-json\/wp\/v2\/media?parent=69178"}],"wp:term":[{"taxonomy":"category","embeddable":true,"href":"https:\/\/www.locoxelrojo.com\/independiente\/wp-json\/wp\/v2\/categories?post=69178"},{"taxonomy":"post_tag","embeddable":true,"href":"https:\/\/www.locoxelrojo.com\/independiente\/wp-json\/wp\/v2\/tags?post=69178"}],"curies":[{"name":"wp","href":"https:\/\/api.w.org\/{rel}","templated":true}]}}